{"id":5349,"date":"2020-10-21T14:26:17","date_gmt":"2020-10-21T12:26:17","guid":{"rendered":"https:\/\/quebriac.fr\/webcommune\/?p=5349"},"modified":"2021-03-08T16:56:12","modified_gmt":"2021-03-08T14:56:12","slug":"possibilite-dun-report-de-3-mois-pour-le-paiement-de-votre-taxe-fonciere","status":"publish","type":"post","link":"https:\/\/quebriac.fr\/webcommune\/?p=5349","title":{"rendered":"Possibilit\u00e9 d&rsquo;un report de 3 mois pour le paiement de votre taxe fonci\u00e8re"},"content":{"rendered":"<p>Les entreprises qui sont propri\u00e9taires et exploitantes de leur local commercial ou industriel\u00a0peuvent demander\u00a0un report de 3 mois de leur \u00e9ch\u00e9ance du 15 octobre 2020.<\/p>\n<p><!--more--><br \/>\nCe dispositif s\u2019applique \u00e0 toute entreprise propri\u00e9taire-exploitante de son local qui rencontre\u00a0<strong>des difficult\u00e9s financi\u00e8res du fait de la crise sans besoin de justificatif particulier.<\/strong><\/p>\n<p>Les entreprises doivent formuler leur demande aupr\u00e8s du centre des finances publiques.\u00a0Les coordonn\u00e9es de celui-ci sont indiqu\u00e9es sur leur avis de taxes fonci\u00e8res.<br \/>\n<strong>Rappel : Commer\u00e7ants, Artisans, Professions lib\u00e9rales, il est toujours possible d&rsquo;\u00e9taler le paiement des imp\u00f4ts professionnels<\/strong><\/p>\n<p>Un dispositif a \u00e9t\u00e9 mis en place\u00a0afin que les TPE et PME, particuli\u00e8rement touch\u00e9es par les cons\u00e9quences \u00e9conomiques de la crise sanitaire, puissent solliciter un plan de r\u00e8glement sp\u00e9cifique pour le paiement de leurs imp\u00f4ts. Celles-ci pourront \u00e9taler, sur une dur\u00e9e pouvant atteindre 3 ans, le paiement de leurs imp\u00f4ts professionnels dus pendant la p\u00e9riode de crise sanitaire et qui ne sont pas encore r\u00e9gl\u00e9s.<\/p>\n<p>Ce plan de r\u00e8glement s&rsquo;adresse aux :<\/p>\n<ul>\n<li>commer\u00e7ants,<\/li>\n<li>artisans,<\/li>\n<li>professions lib\u00e9rales ayant d\u00e9but\u00e9 leur activit\u00e9 au plus tard en 2019, quel que soit leur statut et leur r\u00e9gime fiscal et social y compris micro-entrepreneurs, sans condition de secteur d\u2019activit\u00e9 ou de perte de chiffre d\u2019affaires.<\/li>\n<\/ul>\n<p>plus d&rsquo;informations ici : <a href=\"https:\/\/eebr.us19.list-manage.com\/track\/click?u=570ced07bdb424f79e8d90f85&amp;id=4964222df3&amp;e=0572ba1dcd\" target=\"_blank\" rel=\"noopener noreferrer\">economie.gouv<\/a><\/p>\n<p><strong>Une question ?<br \/>\nContactez le service D\u00e9veloppement \u00c9conomique de la Bretagne romantique au\u00a002 23 16 46 46 ou sur\u00a0<a id=\"eebr@bretagneromantique.fr_body\" class=\"adr black-to-orange contextEntry\" href=\"mailto:eebr@bretagneromantique.fr\" target=\"_blank\" rel=\"noopener noreferrer\">eebr@bretagneromantique.fr<\/a><\/strong><\/p>\n<p><img loading=\"lazy\" decoding=\"async\" class=\"alignnone size-full wp-image-6078\" src=\"https:\/\/quebriac.fr\/webcommune\/wp-content\/uploads\/2020\/10\/plan-1.jpg\" alt=\"\" width=\"1000\" height=\"1000\" srcset=\"https:\/\/quebriac.fr\/webcommune\/wp-content\/uploads\/2020\/10\/plan-1.jpg 1000w, https:\/\/quebriac.fr\/webcommune\/wp-content\/uploads\/2020\/10\/plan-1-300x300.jpg 300w, https:\/\/quebriac.fr\/webcommune\/wp-content\/uploads\/2020\/10\/plan-1-150x150.jpg 150w, https:\/\/quebriac.fr\/webcommune\/wp-content\/uploads\/2020\/10\/plan-1-768x768.jpg 768w\" sizes=\"(max-width: 1000px) 100vw, 1000px\" \/><\/p>\n<p><img loading=\"lazy\" decoding=\"async\" class=\"alignnone size-full wp-image-6080\" src=\"https:\/\/quebriac.fr\/webcommune\/wp-content\/uploads\/2020\/10\/eebr.jpg\" alt=\"\" width=\"300\" height=\"64\" srcset=\"https:\/\/quebriac.fr\/webcommune\/wp-content\/uploads\/2020\/10\/eebr.jpg 300w, https:\/\/quebriac.fr\/webcommune\/wp-content\/uploads\/2020\/10\/eebr-150x32.jpg 150w\" sizes=\"(max-width: 300px) 100vw, 300px\" \/><\/p>\n<p style=\"text-align: center;\"><strong>Espace Entreprises Bretagne romantique<\/strong><br \/>\n<span style=\"font-size: 10pt; color: #999999;\">Parc d&rsquo;activit\u00e9s de Moulin Madame<\/span>\u00a0&#8211; <span style=\"font-size: 10pt; color: #999999;\">1 All\u00e9e de Lohon 35270 Combourg<\/span><br \/>\n<a href=\"https:\/\/eebr.us19.list-manage.com\/track\/click?u=570ced07bdb424f79e8d90f85&amp;id=995c4b1778&amp;e=0572ba1dcd\" target=\"_blank\" rel=\"noopener noreferrer\">www.eebr.fr<\/a><\/p>\n<p>&nbsp;<\/p>\n","protected":false},"excerpt":{"rendered":"<p>Les entreprises qui sont propri\u00e9taires et exploitantes de leur local commercial ou industriel\u00a0peuvent demander\u00a0un report de 3 mois de leur \u00e9ch\u00e9ance du 15 octobre 2020.<\/p>\n<p class=\"continue-reading-button\"> <a class=\"continue-reading-link\" href=\"https:\/\/quebriac.fr\/webcommune\/?p=5349\">La suite&#8230;<i class=\"crycon-right-dir\"><\/i><\/a><\/p>\n","protected":false},"author":1,"featured_media":1762,"comment_status":"closed","ping_status":"closed","sticky":false,"template":"","format":"standard","meta":{"footnotes":""},"categories":[8],"tags":[],"class_list":["post-5349","post","type-post","status-publish","format-standard","has-post-thumbnail","hentry","category-bretagne-romantique"],"_links":{"self":[{"href":"https:\/\/quebriac.fr\/webcommune\/index.php?rest_route=\/wp\/v2\/posts\/5349"}],"collection":[{"href":"https:\/\/quebriac.fr\/webcommune\/index.php?rest_route=\/wp\/v2\/posts"}],"about":[{"href":"https:\/\/quebriac.fr\/webcommune\/index.php?rest_route=\/wp\/v2\/types\/post"}],"author":[{"embeddable":true,"href":"https:\/\/quebriac.fr\/webcommune\/index.php?rest_route=\/wp\/v2\/users\/1"}],"replies":[{"embeddable":true,"href":"https:\/\/quebriac.fr\/webcommune\/index.php?rest_route=%2Fwp%2Fv2%2Fcomments&post=5349"}],"version-history":[{"count":2,"href":"https:\/\/quebriac.fr\/webcommune\/index.php?rest_route=\/wp\/v2\/posts\/5349\/revisions"}],"predecessor-version":[{"id":6081,"href":"https:\/\/quebriac.fr\/webcommune\/index.php?rest_route=\/wp\/v2\/posts\/5349\/revisions\/6081"}],"wp:featuredmedia":[{"embeddable":true,"href":"https:\/\/quebriac.fr\/webcommune\/index.php?rest_route=\/wp\/v2\/media\/1762"}],"wp:attachment":[{"href":"https:\/\/quebriac.fr\/webcommune\/index.php?rest_route=%2Fwp%2Fv2%2Fmedia&parent=5349"}],"wp:term":[{"taxonomy":"category","embeddable":true,"href":"https:\/\/quebriac.fr\/webcommune\/index.php?rest_route=%2Fwp%2Fv2%2Fcategories&post=5349"},{"taxonomy":"post_tag","embeddable":true,"href":"https:\/\/quebriac.fr\/webcommune\/index.php?rest_route=%2Fwp%2Fv2%2Ftags&post=5349"}],"curies":[{"name":"wp","href":"https:\/\/api.w.org\/{rel}","templated":true}]}}