{"id":5525,"date":"2020-11-11T18:04:42","date_gmt":"2020-11-11T16:04:42","guid":{"rendered":"https:\/\/quebriac.fr\/webcommune\/?p=5476"},"modified":"2023-04-10T10:21:10","modified_gmt":"2023-04-10T08:21:10","slug":"ceremonie-du-11-novembre-2020","status":"publish","type":"post","link":"https:\/\/quebriac.fr\/webcommune\/?p=5525","title":{"rendered":"C\u00e9r\u00e9monie du 11 Novembre 2020"},"content":{"rendered":"<p>Ce 11 novembre, quelques repr\u00e9sentants des associations ACPG-CATM et UNC de Qu\u00e9briac d\u2019une part et quelques membres de la municipalit\u00e9 d\u2019autre part se sont r\u00e9unis pr\u00e8s du monument aux morts afin de rendre hommage \u00e0 tous les combattants fran\u00e7ais morts durant les conflits de notre pays, et en particulier les 70 hommes de notre commune morts durant la 1\u00e8re guerre mondiale. La situation sanitaire imposait une pr\u00e9sence de 10 personnes maximum. Malgr\u00e9 un contexte particulier li\u00e9 au Covid 19, les associations souhaitaient comm\u00e9morer l\u2019armistice qui a mis fin \u00e0 ce premier conflit mondial qui a dur\u00e9 4 ann\u00e9es, 4 ann\u00e9es de terreur, d\u2019horreur qui ont tu\u00e9 1,5 million d\u2019hommes.<br \/>\nMme le maire, Marie-Madeleine Gamblin a d\u00e9but\u00e9 la c\u00e9r\u00e9monie par la lecture du message de la ministre des anciens combattants. Puis, Christian Grandjean, co-pr\u00e9sident de l\u2019association ACPG-CATM a lu le texte de l\u2019Union Fran\u00e7aise des Associations de Combattants et de Victimes de Guerre. Enfin, Thierry Mazurier, Pr\u00e9sident de l\u2019UNC, section de Qu\u00e9briac, a lu le texte de leur association. Des fleurs ont \u00e9t\u00e9 \u00e9galement d\u00e9pos\u00e9es au pied du monument. Puis le cort\u00e8ge s\u2019est rendu au cimeti\u00e8re pour se recueillir devant la tombe des cinq combattants qu\u00e9briacois morts durant la guerre 1914\/19<\/p>\n<p><img loading=\"lazy\" decoding=\"async\" class=\"alignnone size-full wp-image-6065\" src=\"https:\/\/quebriac.fr\/webcommune\/wp-content\/uploads\/2020\/11\/DSC1.jpg\" alt=\"\" width=\"1000\" height=\"665\" srcset=\"https:\/\/quebriac.fr\/webcommune\/wp-content\/uploads\/2020\/11\/DSC1.jpg 1000w, https:\/\/quebriac.fr\/webcommune\/wp-content\/uploads\/2020\/11\/DSC1-300x200.jpg 300w, https:\/\/quebriac.fr\/webcommune\/wp-content\/uploads\/2020\/11\/DSC1-768x511.jpg 768w, https:\/\/quebriac.fr\/webcommune\/wp-content\/uploads\/2020\/11\/DSC1-150x100.jpg 150w, https:\/\/quebriac.fr\/webcommune\/wp-content\/uploads\/2020\/11\/DSC1-272x182.jpg 272w\" sizes=\"(max-width: 1000px) 100vw, 1000px\" \/><br \/>\n<img loading=\"lazy\" decoding=\"async\" class=\"alignnone size-full wp-image-6066\" src=\"https:\/\/quebriac.fr\/webcommune\/wp-content\/uploads\/2020\/11\/DSC2.jpg\" alt=\"\" width=\"1000\" height=\"665\" srcset=\"https:\/\/quebriac.fr\/webcommune\/wp-content\/uploads\/2020\/11\/DSC2.jpg 1000w, https:\/\/quebriac.fr\/webcommune\/wp-content\/uploads\/2020\/11\/DSC2-300x200.jpg 300w, https:\/\/quebriac.fr\/webcommune\/wp-content\/uploads\/2020\/11\/DSC2-768x511.jpg 768w, https:\/\/quebriac.fr\/webcommune\/wp-content\/uploads\/2020\/11\/DSC2-150x100.jpg 150w, https:\/\/quebriac.fr\/webcommune\/wp-content\/uploads\/2020\/11\/DSC2-272x182.jpg 272w\" sizes=\"(max-width: 1000px) 100vw, 1000px\" \/><\/p>\n<p>&nbsp;<\/p>\n","protected":false},"excerpt":{"rendered":"<p>Ce 11 novembre, quelques repr\u00e9sentants des associations ACPG-CATM et UNC de Qu\u00e9briac d\u2019une part et quelques membres de la municipalit\u00e9 d\u2019autre part se sont r\u00e9unis pr\u00e8s du monument aux morts\u2026<\/p>\n<p class=\"continue-reading-button\"> <a class=\"continue-reading-link\" href=\"https:\/\/quebriac.fr\/webcommune\/?p=5525\">La suite&#8230;<i class=\"crycon-right-dir\"><\/i><\/a><\/p>\n","protected":false},"author":1,"featured_media":0,"comment_status":"closed","ping_status":"closed","sticky":false,"template":"","format":"standard","meta":{"footnotes":""},"categories":[31,16],"tags":[],"class_list":["post-5525","post","type-post","status-publish","format-standard","hentry","category-commemorations","category-la-vie-communale"],"_links":{"self":[{"href":"https:\/\/quebriac.fr\/webcommune\/index.php?rest_route=\/wp\/v2\/posts\/5525"}],"collection":[{"href":"https:\/\/quebriac.fr\/webcommune\/index.php?rest_route=\/wp\/v2\/posts"}],"about":[{"href":"https:\/\/quebriac.fr\/webcommune\/index.php?rest_route=\/wp\/v2\/types\/post"}],"author":[{"embeddable":true,"href":"https:\/\/quebriac.fr\/webcommune\/index.php?rest_route=\/wp\/v2\/users\/1"}],"replies":[{"embeddable":true,"href":"https:\/\/quebriac.fr\/webcommune\/index.php?rest_route=%2Fwp%2Fv2%2Fcomments&post=5525"}],"version-history":[{"count":2,"href":"https:\/\/quebriac.fr\/webcommune\/index.php?rest_route=\/wp\/v2\/posts\/5525\/revisions"}],"predecessor-version":[{"id":6068,"href":"https:\/\/quebriac.fr\/webcommune\/index.php?rest_route=\/wp\/v2\/posts\/5525\/revisions\/6068"}],"wp:attachment":[{"href":"https:\/\/quebriac.fr\/webcommune\/index.php?rest_route=%2Fwp%2Fv2%2Fmedia&parent=5525"}],"wp:term":[{"taxonomy":"category","embeddable":true,"href":"https:\/\/quebriac.fr\/webcommune\/index.php?rest_route=%2Fwp%2Fv2%2Fcategories&post=5525"},{"taxonomy":"post_tag","embeddable":true,"href":"https:\/\/quebriac.fr\/webcommune\/index.php?rest_route=%2Fwp%2Fv2%2Ftags&post=5525"}],"curies":[{"name":"wp","href":"https:\/\/api.w.org\/{rel}","templated":true}]}}