{"id":5527,"date":"2020-11-13T18:50:35","date_gmt":"2020-11-13T16:50:35","guid":{"rendered":"https:\/\/quebriac.fr\/webcommune\/?p=5513"},"modified":"2023-04-10T10:20:37","modified_gmt":"2023-04-10T08:20:37","slug":"arrete-prefectoral-portant-obligation-du-port-du-masque-en-ille-et-vilaine","status":"publish","type":"post","link":"https:\/\/quebriac.fr\/webcommune\/?p=5527","title":{"rendered":"Arr\u00eat\u00e9 pr\u00e9fectoral portant obligation du port du masque en Ille-et-Vilaine&#8230;"},"content":{"rendered":"<p><a href=\"https:\/\/quebriac.fr\/webcommune\/wp-content\/uploads\/2021\/03\/Arrete-port-du-masque-departement-12-11-20.pdf\" target=\"_blank\" rel=\"noopener noreferrer\">\u21d2Arr\u00eat\u00e9 port du masque d\u00e9partement Ille-et-Vilaine 12-11-20<\/a><\/p>\n","protected":false},"excerpt":{"rendered":"<p>\u21d2Arr\u00eat\u00e9 port du masque d\u00e9partement Ille-et-Vilaine 12-11-20<\/p>\n<p class=\"continue-reading-button\"> <a class=\"continue-reading-link\" href=\"https:\/\/quebriac.fr\/webcommune\/?p=5527\">La suite&#8230;<i class=\"crycon-right-dir\"><\/i><\/a><\/p>\n","protected":false},"author":1,"featured_media":0,"comment_status":"closed","ping_status":"closed","sticky":false,"template":"","format":"standard","meta":{"footnotes":""},"categories":[4,29],"tags":[],"class_list":["post-5527","post","type-post","status-publish","format-standard","hentry","category-arrete","category-pouvoirs-publics"],"_links":{"self":[{"href":"https:\/\/quebriac.fr\/webcommune\/index.php?rest_route=\/wp\/v2\/posts\/5527"}],"collection":[{"href":"https:\/\/quebriac.fr\/webcommune\/index.php?rest_route=\/wp\/v2\/posts"}],"about":[{"href":"https:\/\/quebriac.fr\/webcommune\/index.php?rest_route=\/wp\/v2\/types\/post"}],"author":[{"embeddable":true,"href":"https:\/\/quebriac.fr\/webcommune\/index.php?rest_route=\/wp\/v2\/users\/1"}],"replies":[{"embeddable":true,"href":"https:\/\/quebriac.fr\/webcommune\/index.php?rest_route=%2Fwp%2Fv2%2Fcomments&post=5527"}],"version-history":[{"count":1,"href":"https:\/\/quebriac.fr\/webcommune\/index.php?rest_route=\/wp\/v2\/posts\/5527\/revisions"}],"predecessor-version":[{"id":6060,"href":"https:\/\/quebriac.fr\/webcommune\/index.php?rest_route=\/wp\/v2\/posts\/5527\/revisions\/6060"}],"wp:attachment":[{"href":"https:\/\/quebriac.fr\/webcommune\/index.php?rest_route=%2Fwp%2Fv2%2Fmedia&parent=5527"}],"wp:term":[{"taxonomy":"category","embeddable":true,"href":"https:\/\/quebriac.fr\/webcommune\/index.php?rest_route=%2Fwp%2Fv2%2Fcategories&post=5527"},{"taxonomy":"post_tag","embeddable":true,"href":"https:\/\/quebriac.fr\/webcommune\/index.php?rest_route=%2Fwp%2Fv2%2Ftags&post=5527"}],"curies":[{"name":"wp","href":"https:\/\/api.w.org\/{rel}","templated":true}]}}