{"id":5703,"date":"2020-12-22T13:09:08","date_gmt":"2020-12-22T11:09:08","guid":{"rendered":"https:\/\/quebriac.fr\/webcommune\/?p=5703"},"modified":"2021-03-08T10:33:48","modified_gmt":"2021-03-08T08:33:48","slug":"la-creche-de-lormel-annulee-pour-cause-de-covid-19","status":"publish","type":"post","link":"https:\/\/quebriac.fr\/webcommune\/?p=5703","title":{"rendered":"La cr\u00e8che de l\u2019Ormel annul\u00e9e  pour cause de Covid 19"},"content":{"rendered":"<p>La chanson le dit si bien : \u00abOn n\u2019a pas tous les jours 20 ans, \u00e7a n\u2019arrive qu\u2019une fois seulement\u00bb. Nous comptions bien f\u00eater le vingti\u00e8me anniversaire de la cr\u00e8che de l\u2019Ormel avec vous tous.Des projets, des id\u00e9es, rien ne manquait\u2026<!--more--><\/p>\n<p>Mais un vilain virus s\u2019est invit\u00e9 dans nos vies et abouscul\u00e9 nos r\u00eaves ! C\u2019est avec beaucoup de tristesse que nous avons d\u00e9cid\u00e9 \u00e0 l\u2019unanimit\u00e9 de reporter cet anniversaire \u00e0 l\u2019ann\u00e9e prochaine, avec l\u2019espoir que notre vie \u00e0 tous reprenne normalement son cours.<\/p>\n<p>Travailler avec un masque pendant plus de deux mois, ne pas pouvoir assurer la distanciation ni les gestes barri\u00e8res\u2026 Ce n\u2019\u00e9tait pas envisageable !<\/p>\n<p>Sans compter l\u2019in\u00e9vitable brassage de la population sur le site et l\u2019impossibilit\u00e9 de faire respecter les distances r\u00e9glementaires et le sens de circulation.<\/p>\n<p>La cr\u00e8che a pour but d\u2019apporter du bonheur, de la joie et du partage. Nous serions trop malheureux qu\u2019elle aide \u00e0 la propagation de la pand\u00e9mie.Mais nous en sommes convaincus, ce n\u2019est qu\u2019un au revoir.<\/p>\n<p>Tous les b\u00e9n\u00e9voles et artisans de l\u2019association vous souhaitent de douces et bonnes f\u00eates de \ufb01n d\u2019ann\u00e9e.Prenez bien soin de vous et de ceux que vous aimez.<\/p>\n<p>Nous vous donnons rendez-vous l\u2019ann\u00e9e prochaine<\/p>\n<p><img loading=\"lazy\" decoding=\"async\" class=\"alignnone size-full wp-image-5705\" src=\"https:\/\/quebriac.fr\/webcommune\/wp-content\/uploads\/2021\/03\/creche.jpg\" alt=\"\" width=\"1000\" height=\"1026\" \/><\/p>\n","protected":false},"excerpt":{"rendered":"<p>La chanson le dit si bien : \u00abOn n\u2019a pas tous les jours 20 ans, \u00e7a n\u2019arrive qu\u2019une fois seulement\u00bb. Nous comptions bien f\u00eater le vingti\u00e8me anniversaire de la cr\u00e8che\u2026<\/p>\n<p class=\"continue-reading-button\"> <a class=\"continue-reading-link\" href=\"https:\/\/quebriac.fr\/webcommune\/?p=5703\">La suite&#8230;<i class=\"crycon-right-dir\"><\/i><\/a><\/p>\n","protected":false},"author":1,"featured_media":5744,"comment_status":"closed","ping_status":"closed","sticky":false,"template":"","format":"standard","meta":{"footnotes":""},"categories":[16],"tags":[],"class_list":["post-5703","post","type-post","status-publish","format-standard","has-post-thumbnail","hentry","category-la-vie-communale"],"_links":{"self":[{"href":"https:\/\/quebriac.fr\/webcommune\/index.php?rest_route=\/wp\/v2\/posts\/5703"}],"collection":[{"href":"https:\/\/quebriac.fr\/webcommune\/index.php?rest_route=\/wp\/v2\/posts"}],"about":[{"href":"https:\/\/quebriac.fr\/webcommune\/index.php?rest_route=\/wp\/v2\/types\/post"}],"author":[{"embeddable":true,"href":"https:\/\/quebriac.fr\/webcommune\/index.php?rest_route=\/wp\/v2\/users\/1"}],"replies":[{"embeddable":true,"href":"https:\/\/quebriac.fr\/webcommune\/index.php?rest_route=%2Fwp%2Fv2%2Fcomments&post=5703"}],"version-history":[{"count":2,"href":"https:\/\/quebriac.fr\/webcommune\/index.php?rest_route=\/wp\/v2\/posts\/5703\/revisions"}],"predecessor-version":[{"id":6008,"href":"https:\/\/quebriac.fr\/webcommune\/index.php?rest_route=\/wp\/v2\/posts\/5703\/revisions\/6008"}],"wp:featuredmedia":[{"embeddable":true,"href":"https:\/\/quebriac.fr\/webcommune\/index.php?rest_route=\/wp\/v2\/media\/5744"}],"wp:attachment":[{"href":"https:\/\/quebriac.fr\/webcommune\/index.php?rest_route=%2Fwp%2Fv2%2Fmedia&parent=5703"}],"wp:term":[{"taxonomy":"category","embeddable":true,"href":"https:\/\/quebriac.fr\/webcommune\/index.php?rest_route=%2Fwp%2Fv2%2Fcategories&post=5703"},{"taxonomy":"post_tag","embeddable":true,"href":"https:\/\/quebriac.fr\/webcommune\/index.php?rest_route=%2Fwp%2Fv2%2Ftags&post=5703"}],"curies":[{"name":"wp","href":"https:\/\/api.w.org\/{rel}","templated":true}]}}