{"id":5709,"date":"2020-12-23T12:09:36","date_gmt":"2020-12-23T10:09:36","guid":{"rendered":"https:\/\/quebriac.fr\/webcommune\/?p=5709"},"modified":"2021-03-08T10:30:33","modified_gmt":"2021-03-08T08:30:33","slug":"le-pere-noel-est-passe-de-bonne-heure-au-courtil-noe","status":"publish","type":"post","link":"https:\/\/quebriac.fr\/webcommune\/?p=5709","title":{"rendered":"Le P\u00e8re No\u00ebl est pass\u00e9 de bonne heure au Courtil No\u00eb"},"content":{"rendered":"<p><span style=\"font-size: medium;\">Distribution de colis de No\u00ebl, ce lundi 21 d\u00e9cembre, organis\u00e9e par le Centre Communal d&rsquo;Action Sociale de <\/span><span style=\"font-size: medium;\">Qu\u00e9briac aux habitants du village du Courtil No\u00eb.<\/span><!--more--><\/p>\n<p><span style=\"font-size: medium;\">Une livraison de colis a \u00e9galement eu lieu ce jour, pour les personnes originaires de Qu\u00e9briac et r\u00e9sidant dans les EHPAD de H\u00e9d\u00e9-Bazouges, Tint\u00e9niac, Saint-Thual, Saint-Domineuc et Pleugueneuc.<\/span><\/p>\n<p><img loading=\"lazy\" decoding=\"async\" class=\"alignleft wp-image-5710 size-medium\" src=\"https:\/\/quebriac.fr\/webcommune\/wp-content\/uploads\/2021\/03\/colis-1-300x225.jpg\" alt=\"\" width=\"300\" height=\"225\" \/><img loading=\"lazy\" decoding=\"async\" class=\"alignnone wp-image-5711 size-medium\" src=\"https:\/\/quebriac.fr\/webcommune\/wp-content\/uploads\/2021\/03\/colis-2-300x225.jpg\" alt=\"\" width=\"300\" height=\"225\" \/><\/p>\n<p style=\"text-align: left;\"><img loading=\"lazy\" decoding=\"async\" class=\"wp-image-5712 size-medium alignleft\" src=\"https:\/\/quebriac.fr\/webcommune\/wp-content\/uploads\/2021\/03\/image1.jpg\" alt=\"\" width=\"300\" height=\"225\" \/><img loading=\"lazy\" decoding=\"async\" class=\"alignnone wp-image-5713 size-medium\" src=\"https:\/\/quebriac.fr\/webcommune\/wp-content\/uploads\/2021\/03\/image2.jpg\" alt=\"\" width=\"300\" height=\"225\" \/><\/p>\n<p><img loading=\"lazy\" decoding=\"async\" class=\"wp-image-5715 size-medium alignleft\" src=\"https:\/\/quebriac.fr\/webcommune\/wp-content\/uploads\/2021\/03\/image4.jpg\" alt=\"\" width=\"300\" height=\"225\" \/><img loading=\"lazy\" decoding=\"async\" class=\"wp-image-5716 size-medium alignleft\" src=\"https:\/\/quebriac.fr\/webcommune\/wp-content\/uploads\/2021\/03\/image3.jpg\" alt=\"\" width=\"300\" height=\"225\" \/><\/p>\n<p>&nbsp;<\/p>\n<p>&nbsp;<\/p>\n<p>&nbsp;<\/p>\n<p>&nbsp;<\/p>\n<p>&nbsp;<\/p>\n<p><img loading=\"lazy\" decoding=\"async\" class=\"alignnone wp-image-5717 size-medium\" src=\"https:\/\/quebriac.fr\/webcommune\/wp-content\/uploads\/2021\/03\/Colis-3.jpg\" alt=\"\" width=\"225\" height=\"300\" \/>aaa<\/p>\n","protected":false},"excerpt":{"rendered":"<p>Distribution de colis de No\u00ebl, ce lundi 21 d\u00e9cembre, organis\u00e9e par le Centre Communal d&rsquo;Action Sociale de Qu\u00e9briac aux habitants du village du Courtil No\u00eb.<\/p>\n<p class=\"continue-reading-button\"> <a class=\"continue-reading-link\" href=\"https:\/\/quebriac.fr\/webcommune\/?p=5709\">La suite&#8230;<i class=\"crycon-right-dir\"><\/i><\/a><\/p>\n","protected":false},"author":1,"featured_media":1842,"comment_status":"closed","ping_status":"closed","sticky":false,"template":"","format":"standard","meta":{"footnotes":""},"categories":[16],"tags":[],"class_list":["post-5709","post","type-post","status-publish","format-standard","has-post-thumbnail","hentry","category-la-vie-communale"],"_links":{"self":[{"href":"https:\/\/quebriac.fr\/webcommune\/index.php?rest_route=\/wp\/v2\/posts\/5709"}],"collection":[{"href":"https:\/\/quebriac.fr\/webcommune\/index.php?rest_route=\/wp\/v2\/posts"}],"about":[{"href":"https:\/\/quebriac.fr\/webcommune\/index.php?rest_route=\/wp\/v2\/types\/post"}],"author":[{"embeddable":true,"href":"https:\/\/quebriac.fr\/webcommune\/index.php?rest_route=\/wp\/v2\/users\/1"}],"replies":[{"embeddable":true,"href":"https:\/\/quebriac.fr\/webcommune\/index.php?rest_route=%2Fwp%2Fv2%2Fcomments&post=5709"}],"version-history":[{"count":3,"href":"https:\/\/quebriac.fr\/webcommune\/index.php?rest_route=\/wp\/v2\/posts\/5709\/revisions"}],"predecessor-version":[{"id":6006,"href":"https:\/\/quebriac.fr\/webcommune\/index.php?rest_route=\/wp\/v2\/posts\/5709\/revisions\/6006"}],"wp:featuredmedia":[{"embeddable":true,"href":"https:\/\/quebriac.fr\/webcommune\/index.php?rest_route=\/wp\/v2\/media\/1842"}],"wp:attachment":[{"href":"https:\/\/quebriac.fr\/webcommune\/index.php?rest_route=%2Fwp%2Fv2%2Fmedia&parent=5709"}],"wp:term":[{"taxonomy":"category","embeddable":true,"href":"https:\/\/quebriac.fr\/webcommune\/index.php?rest_route=%2Fwp%2Fv2%2Fcategories&post=5709"},{"taxonomy":"post_tag","embeddable":true,"href":"https:\/\/quebriac.fr\/webcommune\/index.php?rest_route=%2Fwp%2Fv2%2Ftags&post=5709"}],"curies":[{"name":"wp","href":"https:\/\/api.w.org\/{rel}","templated":true}]}}