{"id":5784,"date":"2021-01-19T15:31:07","date_gmt":"2021-01-19T13:31:07","guid":{"rendered":"https:\/\/quebriac.fr\/webcommune\/?p=5784"},"modified":"2021-03-08T10:01:13","modified_gmt":"2021-03-08T08:01:13","slug":"projet-jeunesse-je-participe-appel-a-candidature","status":"publish","type":"post","link":"https:\/\/quebriac.fr\/webcommune\/?p=5784","title":{"rendered":"PROJET JEUNESSE \u00ab Je Participe \u00bb. Appel \u00e0 candidature"},"content":{"rendered":"<p>Les \u00e9lus de Qu\u00e9briac souhaitent d\u00e9velopper un projet jeunesse sur la commune, un engagement fort sur ce mandat. <strong>Pour cela, ils ont besoin de JEUNES, volontaires et motiv\u00e9s, pr\u00eats \u00e0 donner un peu de leurs temps pour r\u00e9fl\u00e9chir et construire ensemble<\/strong>.<\/p>\n<p><strong>Tu as entre 9 et 18 ans<\/strong>. Tu as des id\u00e9es, des projets ou tout simplement l\u2019envie de participer \u00e0 un groupe de travail. Alors, n\u2019h\u00e9sites pas \u00e0 venir t\u2019inscrire \u00e0 la mairie ou par mail (<a href=\"mailto:mairie@quebriac.fr\">mairie@quebriac.fr<\/a>) et en parler autour de toi.<\/p>\n<p>Nous t\u2019attendons pour organiser rapidement une premi\u00e8re rencontre.<\/p>\n<p>A bient\u00f4t.<\/p>\n<p>Le groupe municipal projet Jeunesse.<\/p>\n","protected":false},"excerpt":{"rendered":"<p>Les \u00e9lus de Qu\u00e9briac souhaitent d\u00e9velopper un projet jeunesse sur la commune, un engagement fort sur ce mandat. Pour cela, ils ont besoin de JEUNES, volontaires et motiv\u00e9s, pr\u00eats \u00e0\u2026<\/p>\n<p class=\"continue-reading-button\"> <a class=\"continue-reading-link\" href=\"https:\/\/quebriac.fr\/webcommune\/?p=5784\">La suite&#8230;<i class=\"crycon-right-dir\"><\/i><\/a><\/p>\n","protected":false},"author":1,"featured_media":5990,"comment_status":"closed","ping_status":"closed","sticky":false,"template":"","format":"standard","meta":{"footnotes":""},"categories":[16],"tags":[],"class_list":["post-5784","post","type-post","status-publish","format-standard","has-post-thumbnail","hentry","category-la-vie-communale"],"_links":{"self":[{"href":"https:\/\/quebriac.fr\/webcommune\/index.php?rest_route=\/wp\/v2\/posts\/5784"}],"collection":[{"href":"https:\/\/quebriac.fr\/webcommune\/index.php?rest_route=\/wp\/v2\/posts"}],"about":[{"href":"https:\/\/quebriac.fr\/webcommune\/index.php?rest_route=\/wp\/v2\/types\/post"}],"author":[{"embeddable":true,"href":"https:\/\/quebriac.fr\/webcommune\/index.php?rest_route=\/wp\/v2\/users\/1"}],"replies":[{"embeddable":true,"href":"https:\/\/quebriac.fr\/webcommune\/index.php?rest_route=%2Fwp%2Fv2%2Fcomments&post=5784"}],"version-history":[{"count":1,"href":"https:\/\/quebriac.fr\/webcommune\/index.php?rest_route=\/wp\/v2\/posts\/5784\/revisions"}],"predecessor-version":[{"id":5991,"href":"https:\/\/quebriac.fr\/webcommune\/index.php?rest_route=\/wp\/v2\/posts\/5784\/revisions\/5991"}],"wp:featuredmedia":[{"embeddable":true,"href":"https:\/\/quebriac.fr\/webcommune\/index.php?rest_route=\/wp\/v2\/media\/5990"}],"wp:attachment":[{"href":"https:\/\/quebriac.fr\/webcommune\/index.php?rest_route=%2Fwp%2Fv2%2Fmedia&parent=5784"}],"wp:term":[{"taxonomy":"category","embeddable":true,"href":"https:\/\/quebriac.fr\/webcommune\/index.php?rest_route=%2Fwp%2Fv2%2Fcategories&post=5784"},{"taxonomy":"post_tag","embeddable":true,"href":"https:\/\/quebriac.fr\/webcommune\/index.php?rest_route=%2Fwp%2Fv2%2Ftags&post=5784"}],"curies":[{"name":"wp","href":"https:\/\/api.w.org\/{rel}","templated":true}]}}