{"id":6267,"date":"2021-03-10T17:28:20","date_gmt":"2021-03-10T15:28:20","guid":{"rendered":"https:\/\/quebriac.fr\/webcommune\/?p=6267"},"modified":"2023-04-10T10:11:55","modified_gmt":"2023-04-10T08:11:55","slug":"marche-ambulant","status":"publish","type":"post","link":"https:\/\/quebriac.fr\/webcommune\/?p=6267","title":{"rendered":"March\u00e9 ambulant"},"content":{"rendered":"<p><img loading=\"lazy\" decoding=\"async\" class=\"alignleft wp-image-6269\" src=\"https:\/\/quebriac.fr\/webcommune\/wp-content\/uploads\/2021\/03\/Flyer_BVBR.jpg\" alt=\"\" width=\"359\" height=\"501\" srcset=\"https:\/\/quebriac.fr\/webcommune\/wp-content\/uploads\/2021\/03\/Flyer_BVBR.jpg 644w, https:\/\/quebriac.fr\/webcommune\/wp-content\/uploads\/2021\/03\/Flyer_BVBR-215x300.jpg 215w, https:\/\/quebriac.fr\/webcommune\/wp-content\/uploads\/2021\/03\/Flyer_BVBR-108x150.jpg 108w\" sizes=\"(max-width: 359px) 100vw, 359px\" \/>Le march\u00e9 Ambulant est une initiative citoyenne et b\u00e9n\u00e9vole qui a \u00e9t\u00e9 initi\u00e9e lors du premier confinement en 2020 ! Les producteurs locaux avaient besoin d\u2019\u00e9couler leurs produits suite \u00e0 la fermeture des cantines et restaurants. Le march\u00e9 ambulant a donc \u00e9t\u00e9 lanc\u00e9 de mani\u00e8re \u00ab artisanale \u00bb pour d\u00e9velopper des distributions alimentaires en lien avec les producteurs et les habitants du territoire de Bretagne Romantique !<\/p>\n<p>Tr\u00e8s vite pl\u00e9biscit\u00e9 par les habitants,le march\u00e9 devait continuer de mani\u00e8re plus officielle! Les d\u00e9buts \u00e9taient pr\u00e9vus pour d\u00e9cembre mais le second confinement de novembre est venu pr\u00e9cipiter les choses !<\/p>\n<p>En un temps record de 7 jours, ont \u00e9t\u00e9 cr\u00e9\u00e9s et mobilis\u00e9s tous les outils et toutes les ressources n\u00e9cessaires pour lancer le march\u00e9 sur cette nouvelle p\u00e9riode de confinement ! un site internet pour le passage des commandes, une plateforme de paiement, plateforme de tri et pr\u00e9paration des commandes, un camion pour la livraison\u2026<\/p>\n<p>&nbsp;<\/p>\n<p>&nbsp;<\/p>\n<p>Aujourd\u2019hui, le march\u00e9 Ambulant, c\u2019est :<br \/>\n200 adh\u00e9rents<br \/>\n30 producteurs (produits laitiers, \u00e9picerie, viandes, fruits l\u00e9gumes, plats pr\u00e9par\u00e9s, fruits de mer ..)<br \/>\nUne tourn\u00e9e par semaine le samedi matin : 12 points de livraison sur le territoire de Bretagne Romantique ,6 en semaine A, 6 en semaine B.<br \/>\nVous voulez : En savoir plus sur le march\u00e9 ambulant (modalit\u00e9s de commandes, jour de livraison..),<br \/>\nPasser votre premi\u00e8re commande?<br \/>\nUn clic et vous y \u00eates !<\/p>\n<p><a href=\"https:\/\/www.bvbr.org\/marche-ambulant\/\" target=\"_blank\" rel=\"noopener noreferrer\">https:\/\/www.bvbr.org\/marche-ambulant\/<\/a><\/p>\n<p>ou simplement en savoir plus sur l\u2019association BVBR ?!<br \/>\nJetez un \u0153il !<\/p>\n<p><a href=\"https:\/\/www.bvbr.org\/\" target=\"_blank\" rel=\"noopener noreferrer\">https:\/\/www.bvbr.org\/<\/a><\/p>\n","protected":false},"excerpt":{"rendered":"<p>Le march\u00e9 Ambulant est une initiative citoyenne et b\u00e9n\u00e9vole qui a \u00e9t\u00e9 initi\u00e9e lors du premier confinement en 2020 ! Les producteurs locaux avaient besoin d\u2019\u00e9couler leurs produits suite \u00e0\u2026<\/p>\n<p class=\"continue-reading-button\"> <a class=\"continue-reading-link\" href=\"https:\/\/quebriac.fr\/webcommune\/?p=6267\">La suite&#8230;<i class=\"crycon-right-dir\"><\/i><\/a><\/p>\n","protected":false},"author":1,"featured_media":6276,"comment_status":"closed","ping_status":"closed","sticky":false,"template":"","format":"standard","meta":{"footnotes":""},"categories":[8],"tags":[],"class_list":["post-6267","post","type-post","status-publish","format-standard","has-post-thumbnail","hentry","category-bretagne-romantique"],"_links":{"self":[{"href":"https:\/\/quebriac.fr\/webcommune\/index.php?rest_route=\/wp\/v2\/posts\/6267"}],"collection":[{"href":"https:\/\/quebriac.fr\/webcommune\/index.php?rest_route=\/wp\/v2\/posts"}],"about":[{"href":"https:\/\/quebriac.fr\/webcommune\/index.php?rest_route=\/wp\/v2\/types\/post"}],"author":[{"embeddable":true,"href":"https:\/\/quebriac.fr\/webcommune\/index.php?rest_route=\/wp\/v2\/users\/1"}],"replies":[{"embeddable":true,"href":"https:\/\/quebriac.fr\/webcommune\/index.php?rest_route=%2Fwp%2Fv2%2Fcomments&post=6267"}],"version-history":[{"count":6,"href":"https:\/\/quebriac.fr\/webcommune\/index.php?rest_route=\/wp\/v2\/posts\/6267\/revisions"}],"predecessor-version":[{"id":6275,"href":"https:\/\/quebriac.fr\/webcommune\/index.php?rest_route=\/wp\/v2\/posts\/6267\/revisions\/6275"}],"wp:featuredmedia":[{"embeddable":true,"href":"https:\/\/quebriac.fr\/webcommune\/index.php?rest_route=\/wp\/v2\/media\/6276"}],"wp:attachment":[{"href":"https:\/\/quebriac.fr\/webcommune\/index.php?rest_route=%2Fwp%2Fv2%2Fmedia&parent=6267"}],"wp:term":[{"taxonomy":"category","embeddable":true,"href":"https:\/\/quebriac.fr\/webcommune\/index.php?rest_route=%2Fwp%2Fv2%2Fcategories&post=6267"},{"taxonomy":"post_tag","embeddable":true,"href":"https:\/\/quebriac.fr\/webcommune\/index.php?rest_route=%2Fwp%2Fv2%2Ftags&post=6267"}],"curies":[{"name":"wp","href":"https:\/\/api.w.org\/{rel}","templated":true}]}}