{"id":6277,"date":"2021-03-12T18:30:20","date_gmt":"2021-03-12T16:30:20","guid":{"rendered":"https:\/\/quebriac.fr\/webcommune\/?p=6277"},"modified":"2021-03-12T18:33:02","modified_gmt":"2021-03-12T16:33:02","slug":"aquacia","status":"publish","type":"post","link":"https:\/\/quebriac.fr\/webcommune\/?p=6277","title":{"rendered":"Aquacia"},"content":{"rendered":"<p><strong>le bassin nordique de Aquacia va de nouveau \u00eatre accessible \u00e0 partir de lundi prochain<\/strong> !<\/p>\n<p>Pour satisfaire toutes les demandes : individuels, clubs, \u00e9coles&#8230; un planning d&rsquo;ouverture a \u00e9t\u00e9 mis en place.<\/p>\n<p><strong>A partir de lundi, le bassin nordique sera accessible aux individuels les lundi et jeudi midi de 12h \u00e0 13h45 et le dimanche de 9h \u00e0 12h.<\/strong><\/p>\n<p><strong>Les personnes devront obligatoirement s&rsquo;inscrire au pr\u00e9alable sur\u00a0 <a href=\"https:\/\/moncentreaquatique.com\" target=\"_blank\" rel=\"noopener noreferrer\">https:\/\/moncentreaquatique.com<\/a>.<\/strong><\/p>\n<p>Vous trouverez t<strong>outes les informations<\/strong> sur cette r\u00e9ouverture sur notre site Internet :\u00a0<a href=\"https:\/\/bretagneromantique.fr\/aquacia-a-combourg-plongeon-possible-sous-conditions\/\" target=\"_blank\" rel=\"noopener noreferrer\">https:\/\/bretagneromantique.fr\/aquacia-a-combourg-plongeon-possible-sous-conditions\/<\/a><\/p>\n<p><img loading=\"lazy\" decoding=\"async\" class=\"alignnone size-full wp-image-6278\" src=\"https:\/\/quebriac.fr\/webcommune\/wp-content\/uploads\/2021\/03\/aquacia.jpg\" alt=\"\" width=\"700\" height=\"587\" srcset=\"https:\/\/quebriac.fr\/webcommune\/wp-content\/uploads\/2021\/03\/aquacia.jpg 700w, https:\/\/quebriac.fr\/webcommune\/wp-content\/uploads\/2021\/03\/aquacia-300x252.jpg 300w, https:\/\/quebriac.fr\/webcommune\/wp-content\/uploads\/2021\/03\/aquacia-150x126.jpg 150w\" sizes=\"(max-width: 700px) 100vw, 700px\" \/><\/p>\n","protected":false},"excerpt":{"rendered":"<p>le bassin nordique de Aquacia va de nouveau \u00eatre accessible \u00e0 partir de lundi prochain ! Pour satisfaire toutes les demandes : individuels, clubs, \u00e9coles&#8230; un planning d&rsquo;ouverture a \u00e9t\u00e9\u2026<\/p>\n<p class=\"continue-reading-button\"> <a class=\"continue-reading-link\" href=\"https:\/\/quebriac.fr\/webcommune\/?p=6277\">La suite&#8230;<i class=\"crycon-right-dir\"><\/i><\/a><\/p>\n","protected":false},"author":1,"featured_media":5829,"comment_status":"closed","ping_status":"closed","sticky":false,"template":"","format":"standard","meta":{"footnotes":""},"categories":[8],"tags":[],"class_list":["post-6277","post","type-post","status-publish","format-standard","has-post-thumbnail","hentry","category-bretagne-romantique"],"_links":{"self":[{"href":"https:\/\/quebriac.fr\/webcommune\/index.php?rest_route=\/wp\/v2\/posts\/6277"}],"collection":[{"href":"https:\/\/quebriac.fr\/webcommune\/index.php?rest_route=\/wp\/v2\/posts"}],"about":[{"href":"https:\/\/quebriac.fr\/webcommune\/index.php?rest_route=\/wp\/v2\/types\/post"}],"author":[{"embeddable":true,"href":"https:\/\/quebriac.fr\/webcommune\/index.php?rest_route=\/wp\/v2\/users\/1"}],"replies":[{"embeddable":true,"href":"https:\/\/quebriac.fr\/webcommune\/index.php?rest_route=%2Fwp%2Fv2%2Fcomments&post=6277"}],"version-history":[{"count":3,"href":"https:\/\/quebriac.fr\/webcommune\/index.php?rest_route=\/wp\/v2\/posts\/6277\/revisions"}],"predecessor-version":[{"id":6281,"href":"https:\/\/quebriac.fr\/webcommune\/index.php?rest_route=\/wp\/v2\/posts\/6277\/revisions\/6281"}],"wp:featuredmedia":[{"embeddable":true,"href":"https:\/\/quebriac.fr\/webcommune\/index.php?rest_route=\/wp\/v2\/media\/5829"}],"wp:attachment":[{"href":"https:\/\/quebriac.fr\/webcommune\/index.php?rest_route=%2Fwp%2Fv2%2Fmedia&parent=6277"}],"wp:term":[{"taxonomy":"category","embeddable":true,"href":"https:\/\/quebriac.fr\/webcommune\/index.php?rest_route=%2Fwp%2Fv2%2Fcategories&post=6277"},{"taxonomy":"post_tag","embeddable":true,"href":"https:\/\/quebriac.fr\/webcommune\/index.php?rest_route=%2Fwp%2Fv2%2Ftags&post=6277"}],"curies":[{"name":"wp","href":"https:\/\/api.w.org\/{rel}","templated":true}]}}