{"id":6763,"date":"2021-08-24T12:11:21","date_gmt":"2021-08-24T10:11:21","guid":{"rendered":"https:\/\/quebriac.fr\/webcommune\/?p=6763"},"modified":"2021-08-24T12:11:46","modified_gmt":"2021-08-24T10:11:46","slug":"bibliotheque-reseau-bretagne-romantique","status":"publish","type":"post","link":"https:\/\/quebriac.fr\/webcommune\/?p=6763","title":{"rendered":"Biblioth\u00e8que &#8230;R\u00e9seau Bretagne romantique"},"content":{"rendered":"<p>En application des mesures gouvernementales, l&rsquo;acc\u00e8s aux biblioth\u00e8ques et m\u00e9diath\u00e8ques du r\u00e9seau est soumis \u00e0 la pr\u00e9sentation du <span style=\"color: #0000ff;\">pass<\/span> <span style=\"color: #008000;\">sanitaire<\/span> &#8230;..<!--more--><\/p>\n<p><img decoding=\"async\" src=\"https:\/\/bibliotheques.bretagneromantique.fr\/images\/5-documents-et-formulaires\/2021-08-18-infographie-site.jpg\" alt=\"2021 08 18 infographie site\" \/><\/p>\n<p>Le port du masque et l&rsquo;utilisation du gel hydroalcoolique restent obligatoires.<\/p>\n","protected":false},"excerpt":{"rendered":"<p>En application des mesures gouvernementales, l&rsquo;acc\u00e8s aux biblioth\u00e8ques et m\u00e9diath\u00e8ques du r\u00e9seau est soumis \u00e0 la pr\u00e9sentation du pass sanitaire &#8230;..<\/p>\n<p class=\"continue-reading-button\"> <a class=\"continue-reading-link\" href=\"https:\/\/quebriac.fr\/webcommune\/?p=6763\">La suite&#8230;<i class=\"crycon-right-dir\"><\/i><\/a><\/p>\n","protected":false},"author":2,"featured_media":947,"comment_status":"closed","ping_status":"closed","sticky":false,"template":"","format":"standard","meta":{"footnotes":""},"categories":[7],"tags":[],"class_list":["post-6763","post","type-post","status-publish","format-standard","has-post-thumbnail","hentry","category-bibliotheque"],"_links":{"self":[{"href":"https:\/\/quebriac.fr\/webcommune\/index.php?rest_route=\/wp\/v2\/posts\/6763"}],"collection":[{"href":"https:\/\/quebriac.fr\/webcommune\/index.php?rest_route=\/wp\/v2\/posts"}],"about":[{"href":"https:\/\/quebriac.fr\/webcommune\/index.php?rest_route=\/wp\/v2\/types\/post"}],"author":[{"embeddable":true,"href":"https:\/\/quebriac.fr\/webcommune\/index.php?rest_route=\/wp\/v2\/users\/2"}],"replies":[{"embeddable":true,"href":"https:\/\/quebriac.fr\/webcommune\/index.php?rest_route=%2Fwp%2Fv2%2Fcomments&post=6763"}],"version-history":[{"count":3,"href":"https:\/\/quebriac.fr\/webcommune\/index.php?rest_route=\/wp\/v2\/posts\/6763\/revisions"}],"predecessor-version":[{"id":6767,"href":"https:\/\/quebriac.fr\/webcommune\/index.php?rest_route=\/wp\/v2\/posts\/6763\/revisions\/6767"}],"wp:featuredmedia":[{"embeddable":true,"href":"https:\/\/quebriac.fr\/webcommune\/index.php?rest_route=\/wp\/v2\/media\/947"}],"wp:attachment":[{"href":"https:\/\/quebriac.fr\/webcommune\/index.php?rest_route=%2Fwp%2Fv2%2Fmedia&parent=6763"}],"wp:term":[{"taxonomy":"category","embeddable":true,"href":"https:\/\/quebriac.fr\/webcommune\/index.php?rest_route=%2Fwp%2Fv2%2Fcategories&post=6763"},{"taxonomy":"post_tag","embeddable":true,"href":"https:\/\/quebriac.fr\/webcommune\/index.php?rest_route=%2Fwp%2Fv2%2Ftags&post=6763"}],"curies":[{"name":"wp","href":"https:\/\/api.w.org\/{rel}","templated":true}]}}