{"id":6768,"date":"2021-08-25T09:02:08","date_gmt":"2021-08-25T07:02:08","guid":{"rendered":"https:\/\/quebriac.fr\/webcommune\/?p=6768"},"modified":"2021-08-25T09:02:08","modified_gmt":"2021-08-25T07:02:08","slug":"une-enquete-pour-connaitre-les-besoins-des-habitants-paroles-de-territoire","status":"publish","type":"post","link":"https:\/\/quebriac.fr\/webcommune\/?p=6768","title":{"rendered":"Une enqu\u00eate pour conna\u00eetre les besoins des habitants&#8230;.Paroles de territoire"},"content":{"rendered":"<p>la Communaut\u00e9 de communes Bretagne romantique lance la premi\u00e8re \u00e9tape de la construction de son projet social de territoire.<!--more--> Durant 5 mois, une concertation des habitants, des \u00e9lus et des diff\u00e9rents partenaires de l\u2019action sociale sera men\u00e9e pour aboutir \u00e0 la mise en place d\u2019actions concr\u00e8tes correspondant aux besoins r\u00e9els du territoire.<\/p>\n<p><img decoding=\"async\" src=\"https:\/\/bretagneromantique.fr\/wp-content\/uploads\/2021\/08\/Visuels-TW-ABS-1-700x394.png\" alt=\"Projet social de territoire - Communaut\u00e9 de communes Bretagne romantique\" \/><\/p>\n<h4>Connaitre les besoins des habitants en mati\u00e8re de politique sociale.<\/h4>\n<h5>Pour ce faire,\u00a0<strong>une enqu\u00eate en ligne et papier a lieu du 23 ao\u00fbt au 23 septembre.<\/strong><\/h5>\n<p><a href=\"https:\/\/s1.sphinxonline.net\/surveyserver\/s\/SPQR-Conseil\/BretagneRomantique-Questionnaire\/questionnaire.htm\" target=\"_blank\" rel=\"noopener noreferrer\">\u21d2Pour participer \u00e0 l&rsquo;enqu\u00eate en ligne<\/a><\/p>\n<ul>\n<li>Des\u00a0<strong>exemplaires papier sont \u00e0 disposition<\/strong>\u00a0dans les mairies, les Maisons France Services et les CCAS du territoire.<\/li>\n<\/ul>\n<p>&nbsp;<\/p>\n<p><img loading=\"lazy\" decoding=\"async\" class=\"\" src=\"https:\/\/bretagneromantique.fr\/wp-content\/uploads\/2021\/08\/QR-enquete-ABS.png\" alt=\"QR code enqu\u00eate en ligne Bretagne romantique\" width=\"233\" height=\"233\" \/><\/p>\n<h4>Coconstruire des r\u00e9ponses adapt\u00e9es aux besoins observ\u00e9s.<\/h4>\n<p><a href=\"https:\/\/bretagneromantique.fr\/une-enquete-pour-connaitre-les-besoins-des-habitants-en-matiere-de-services-de-proximite\/\" target=\"_blank\" rel=\"noopener noreferrer\"> \u21d2Bretagne romantique&#8230;<\/a><\/p>\n<p>&nbsp;<\/p>\n","protected":false},"excerpt":{"rendered":"<p>la Communaut\u00e9 de communes Bretagne romantique lance la premi\u00e8re \u00e9tape de la construction de son projet social de territoire.<\/p>\n<p class=\"continue-reading-button\"> <a class=\"continue-reading-link\" href=\"https:\/\/quebriac.fr\/webcommune\/?p=6768\">La suite&#8230;<i class=\"crycon-right-dir\"><\/i><\/a><\/p>\n","protected":false},"author":2,"featured_media":996,"comment_status":"closed","ping_status":"closed","sticky":false,"template":"","format":"standard","meta":{"footnotes":""},"categories":[8],"tags":[],"class_list":["post-6768","post","type-post","status-publish","format-standard","has-post-thumbnail","hentry","category-bretagne-romantique"],"_links":{"self":[{"href":"https:\/\/quebriac.fr\/webcommune\/index.php?rest_route=\/wp\/v2\/posts\/6768"}],"collection":[{"href":"https:\/\/quebriac.fr\/webcommune\/index.php?rest_route=\/wp\/v2\/posts"}],"about":[{"href":"https:\/\/quebriac.fr\/webcommune\/index.php?rest_route=\/wp\/v2\/types\/post"}],"author":[{"embeddable":true,"href":"https:\/\/quebriac.fr\/webcommune\/index.php?rest_route=\/wp\/v2\/users\/2"}],"replies":[{"embeddable":true,"href":"https:\/\/quebriac.fr\/webcommune\/index.php?rest_route=%2Fwp%2Fv2%2Fcomments&post=6768"}],"version-history":[{"count":1,"href":"https:\/\/quebriac.fr\/webcommune\/index.php?rest_route=\/wp\/v2\/posts\/6768\/revisions"}],"predecessor-version":[{"id":6769,"href":"https:\/\/quebriac.fr\/webcommune\/index.php?rest_route=\/wp\/v2\/posts\/6768\/revisions\/6769"}],"wp:featuredmedia":[{"embeddable":true,"href":"https:\/\/quebriac.fr\/webcommune\/index.php?rest_route=\/wp\/v2\/media\/996"}],"wp:attachment":[{"href":"https:\/\/quebriac.fr\/webcommune\/index.php?rest_route=%2Fwp%2Fv2%2Fmedia&parent=6768"}],"wp:term":[{"taxonomy":"category","embeddable":true,"href":"https:\/\/quebriac.fr\/webcommune\/index.php?rest_route=%2Fwp%2Fv2%2Fcategories&post=6768"},{"taxonomy":"post_tag","embeddable":true,"href":"https:\/\/quebriac.fr\/webcommune\/index.php?rest_route=%2Fwp%2Fv2%2Ftags&post=6768"}],"curies":[{"name":"wp","href":"https:\/\/api.w.org\/{rel}","templated":true}]}}