{"id":6847,"date":"2021-09-06T15:17:35","date_gmt":"2021-09-06T13:17:35","guid":{"rendered":"https:\/\/quebriac.fr\/webcommune\/?p=6847"},"modified":"2021-09-07T09:52:45","modified_gmt":"2021-09-07T07:52:45","slug":"le-labo-citoyen-est-ouvert-pour-une-nouvelle-session","status":"publish","type":"post","link":"https:\/\/quebriac.fr\/webcommune\/?p=6847","title":{"rendered":"Le Labo citoyen est ouvert pour une nouvelle session !"},"content":{"rendered":"<p>Ce dispositif propose un accompagnement financier et technique pour l\u2019\u00e9mergence de projets locaux en faveur de la transition \u00e9cologique. Une nouveaut\u00e9 cette ann\u00e9e : un accompagnement \u00e0 l\u2019\u00e9criture des projets est propos\u00e9 pour tous ceux qui rencontreraient des difficult\u00e9s \u00e0 poser sur le papier leurs id\u00e9es\u2026<\/p>\n<p>Habitants, associations, \u00e9coles, communes, entreprises\u2026 peuvent postuler et pr\u00e9senter un projet concret li\u00e9 au d\u00e9veloppement durable, qui peut toucher un public large.<\/p>\n<p>Quelques exemples parmi les 17 premiers laur\u00e9ats (\u00e9dition 2020) :<\/p>\n<ul>\n<li>Formation d\u2019enseignants \u00e0 la Fresque du Climat<\/li>\n<li>Organisation d\u2019un trail \u00e9co-responsable<\/li>\n<li>Ateliers d\u2019\u00e9cojardinage, permaculture<\/li>\n<li>Sensibilisation \u00e0 l\u2019alimentation bio dans les \u00e9coles<\/li>\n<li>Sensibilisation des habitants \u00e0 la qualit\u00e9 de l\u2019air ext\u00e9rieur et campagne de mesures<\/li>\n<\/ul>\n<p>La date limite de d\u00e9p\u00f4t des candidatures est fix\u00e9e au 30 septembre 2021 (adresse postale de la CC Bretagne romantique ou messagerie d\u00e9di\u00e9e labo-citoyen@bretagneromantique.fr). La s\u00e9lection des dossiers se fera dans le courant du mois d\u2019octobre par un jury compos\u00e9 d\u2019\u00e9lus et de membres de la soci\u00e9t\u00e9 civile.<\/p>\n<p><a href=\"https:\/\/quebriac.fr\/webcommune\/wp-content\/uploads\/2021\/09\/2021-labo-citoyen-cc.pdf\" target=\"_blank\" rel=\"noopener noreferrer\">Appel \u00e0 projet citoyens<\/a><\/p>\n<p><a href=\"https:\/\/quebriac.fr\/webcommune\/wp-content\/uploads\/2021\/09\/2021-labo-citoyen-formulaire.pdf\" target=\"_blank\" rel=\"noopener noreferrer\">Formulaire de r\u00e9ponse (en pdf)<\/a><\/p>\n<p><a href=\"https:\/\/quebriac.fr\/webcommune\/wp-content\/uploads\/2021\/09\/2021-labo-citoyen-formulaire.docx\" target=\"_blank\" rel=\"noopener noreferrer\">Formulaire de r\u00e9ponse (en docx)<\/a><\/p>\n<p><img loading=\"lazy\" decoding=\"async\" class=\"alignnone size-large wp-image-6853\" src=\"https:\/\/quebriac.fr\/webcommune\/wp-content\/uploads\/2021\/09\/flyer.jpg\" alt=\"\" width=\"820\" height=\"547\" srcset=\"https:\/\/quebriac.fr\/webcommune\/wp-content\/uploads\/2021\/09\/flyer.jpg 1000w, https:\/\/quebriac.fr\/webcommune\/wp-content\/uploads\/2021\/09\/flyer-300x200.jpg 300w, https:\/\/quebriac.fr\/webcommune\/wp-content\/uploads\/2021\/09\/flyer-768x512.jpg 768w, https:\/\/quebriac.fr\/webcommune\/wp-content\/uploads\/2021\/09\/flyer-150x100.jpg 150w, https:\/\/quebriac.fr\/webcommune\/wp-content\/uploads\/2021\/09\/flyer-272x182.jpg 272w\" sizes=\"(max-width: 820px) 100vw, 820px\" \/><\/p>\n<p>&nbsp;<\/p>\n<p>&nbsp;<\/p>\n","protected":false},"excerpt":{"rendered":"<p>Ce dispositif propose un accompagnement financier et technique pour l\u2019\u00e9mergence de projets locaux en faveur de la transition \u00e9cologique. Une nouveaut\u00e9 cette ann\u00e9e : un accompagnement \u00e0 l\u2019\u00e9criture des projets\u2026<\/p>\n<p class=\"continue-reading-button\"> <a class=\"continue-reading-link\" href=\"https:\/\/quebriac.fr\/webcommune\/?p=6847\">La suite&#8230;<i class=\"crycon-right-dir\"><\/i><\/a><\/p>\n","protected":false},"author":1,"featured_media":1762,"comment_status":"closed","ping_status":"closed","sticky":false,"template":"","format":"standard","meta":{"footnotes":""},"categories":[8],"tags":[],"class_list":["post-6847","post","type-post","status-publish","format-standard","has-post-thumbnail","hentry","category-bretagne-romantique"],"_links":{"self":[{"href":"https:\/\/quebriac.fr\/webcommune\/index.php?rest_route=\/wp\/v2\/posts\/6847"}],"collection":[{"href":"https:\/\/quebriac.fr\/webcommune\/index.php?rest_route=\/wp\/v2\/posts"}],"about":[{"href":"https:\/\/quebriac.fr\/webcommune\/index.php?rest_route=\/wp\/v2\/types\/post"}],"author":[{"embeddable":true,"href":"https:\/\/quebriac.fr\/webcommune\/index.php?rest_route=\/wp\/v2\/users\/1"}],"replies":[{"embeddable":true,"href":"https:\/\/quebriac.fr\/webcommune\/index.php?rest_route=%2Fwp%2Fv2%2Fcomments&post=6847"}],"version-history":[{"count":5,"href":"https:\/\/quebriac.fr\/webcommune\/index.php?rest_route=\/wp\/v2\/posts\/6847\/revisions"}],"predecessor-version":[{"id":6857,"href":"https:\/\/quebriac.fr\/webcommune\/index.php?rest_route=\/wp\/v2\/posts\/6847\/revisions\/6857"}],"wp:featuredmedia":[{"embeddable":true,"href":"https:\/\/quebriac.fr\/webcommune\/index.php?rest_route=\/wp\/v2\/media\/1762"}],"wp:attachment":[{"href":"https:\/\/quebriac.fr\/webcommune\/index.php?rest_route=%2Fwp%2Fv2%2Fmedia&parent=6847"}],"wp:term":[{"taxonomy":"category","embeddable":true,"href":"https:\/\/quebriac.fr\/webcommune\/index.php?rest_route=%2Fwp%2Fv2%2Fcategories&post=6847"},{"taxonomy":"post_tag","embeddable":true,"href":"https:\/\/quebriac.fr\/webcommune\/index.php?rest_route=%2Fwp%2Fv2%2Ftags&post=6847"}],"curies":[{"name":"wp","href":"https:\/\/api.w.org\/{rel}","templated":true}]}}