{"id":6985,"date":"2021-10-16T11:21:39","date_gmt":"2021-10-16T09:21:39","guid":{"rendered":"https:\/\/quebriac.fr\/webcommune\/?p=6985"},"modified":"2021-10-16T11:21:39","modified_gmt":"2021-10-16T09:21:39","slug":"affouage-2021-2022","status":"publish","type":"post","link":"https:\/\/quebriac.fr\/webcommune\/?p=6985","title":{"rendered":"Affouage 2021-2022"},"content":{"rendered":"<p>En pr\u00e9vision de la campagne d&rsquo;affouage qui aura lieu cet hiver, merci aux personnes int\u00e9ress\u00e9es de se faire conna\u00eetre aupr\u00e8s du secr\u00e9tariat de la mairie de Qu\u00e9briac. Les inscriptions sont ouvertes jusqu&rsquo;au 31 octobre 2021.<\/p>\n","protected":false},"excerpt":{"rendered":"<p>En pr\u00e9vision de la campagne d&rsquo;affouage qui aura lieu cet hiver, merci aux personnes int\u00e9ress\u00e9es de se faire conna\u00eetre aupr\u00e8s du secr\u00e9tariat de la mairie de Qu\u00e9briac. Les inscriptions sont\u2026<\/p>\n<p class=\"continue-reading-button\"> <a class=\"continue-reading-link\" href=\"https:\/\/quebriac.fr\/webcommune\/?p=6985\">La suite&#8230;<i class=\"crycon-right-dir\"><\/i><\/a><\/p>\n","protected":false},"author":1,"featured_media":0,"comment_status":"closed","ping_status":"closed","sticky":false,"template":"","format":"standard","meta":{"footnotes":""},"categories":[16],"tags":[],"class_list":["post-6985","post","type-post","status-publish","format-standard","hentry","category-la-vie-communale"],"_links":{"self":[{"href":"https:\/\/quebriac.fr\/webcommune\/index.php?rest_route=\/wp\/v2\/posts\/6985"}],"collection":[{"href":"https:\/\/quebriac.fr\/webcommune\/index.php?rest_route=\/wp\/v2\/posts"}],"about":[{"href":"https:\/\/quebriac.fr\/webcommune\/index.php?rest_route=\/wp\/v2\/types\/post"}],"author":[{"embeddable":true,"href":"https:\/\/quebriac.fr\/webcommune\/index.php?rest_route=\/wp\/v2\/users\/1"}],"replies":[{"embeddable":true,"href":"https:\/\/quebriac.fr\/webcommune\/index.php?rest_route=%2Fwp%2Fv2%2Fcomments&post=6985"}],"version-history":[{"count":1,"href":"https:\/\/quebriac.fr\/webcommune\/index.php?rest_route=\/wp\/v2\/posts\/6985\/revisions"}],"predecessor-version":[{"id":6986,"href":"https:\/\/quebriac.fr\/webcommune\/index.php?rest_route=\/wp\/v2\/posts\/6985\/revisions\/6986"}],"wp:attachment":[{"href":"https:\/\/quebriac.fr\/webcommune\/index.php?rest_route=%2Fwp%2Fv2%2Fmedia&parent=6985"}],"wp:term":[{"taxonomy":"category","embeddable":true,"href":"https:\/\/quebriac.fr\/webcommune\/index.php?rest_route=%2Fwp%2Fv2%2Fcategories&post=6985"},{"taxonomy":"post_tag","embeddable":true,"href":"https:\/\/quebriac.fr\/webcommune\/index.php?rest_route=%2Fwp%2Fv2%2Ftags&post=6985"}],"curies":[{"name":"wp","href":"https:\/\/api.w.org\/{rel}","templated":true}]}}