{"id":7057,"date":"2021-11-05T18:13:23","date_gmt":"2021-11-05T16:13:23","guid":{"rendered":"https:\/\/quebriac.fr\/webcommune\/?p=7057"},"modified":"2021-11-05T18:13:23","modified_gmt":"2021-11-05T16:13:23","slug":"deviation-de-la-circulation-le-11-novembre-2021","status":"publish","type":"post","link":"https:\/\/quebriac.fr\/webcommune\/?p=7057","title":{"rendered":"D\u00e9viation de la circulation le 11 novembre 2021"},"content":{"rendered":"<p>La circulation de tous les v\u00e9hicules sera interdite rue de la libert\u00e9 (entre la rue de la Gromillais et l&rsquo;\u00e9glise) le jeudi 11 novembre 2021.<!--more--><\/p>\n<p><a href=\"https:\/\/quebriac.fr\/webcommune\/wp-content\/uploads\/2021\/11\/Arrete-11-novembre-2021.pdf\" target=\"_blank\" rel=\"noopener noreferrer\">\u21d2 Arr\u00eat\u00e9 11 novembre 2021<\/a><\/p>\n","protected":false},"excerpt":{"rendered":"<p>La circulation de tous les v\u00e9hicules sera interdite rue de la libert\u00e9 (entre la rue de la Gromillais et l&rsquo;\u00e9glise) le jeudi 11 novembre 2021.<\/p>\n<p class=\"continue-reading-button\"> <a class=\"continue-reading-link\" href=\"https:\/\/quebriac.fr\/webcommune\/?p=7057\">La suite&#8230;<i class=\"crycon-right-dir\"><\/i><\/a><\/p>\n","protected":false},"author":2,"featured_media":861,"comment_status":"closed","ping_status":"closed","sticky":false,"template":"","format":"standard","meta":{"footnotes":""},"categories":[4],"tags":[],"class_list":["post-7057","post","type-post","status-publish","format-standard","has-post-thumbnail","hentry","category-arrete"],"_links":{"self":[{"href":"https:\/\/quebriac.fr\/webcommune\/index.php?rest_route=\/wp\/v2\/posts\/7057"}],"collection":[{"href":"https:\/\/quebriac.fr\/webcommune\/index.php?rest_route=\/wp\/v2\/posts"}],"about":[{"href":"https:\/\/quebriac.fr\/webcommune\/index.php?rest_route=\/wp\/v2\/types\/post"}],"author":[{"embeddable":true,"href":"https:\/\/quebriac.fr\/webcommune\/index.php?rest_route=\/wp\/v2\/users\/2"}],"replies":[{"embeddable":true,"href":"https:\/\/quebriac.fr\/webcommune\/index.php?rest_route=%2Fwp%2Fv2%2Fcomments&post=7057"}],"version-history":[{"count":1,"href":"https:\/\/quebriac.fr\/webcommune\/index.php?rest_route=\/wp\/v2\/posts\/7057\/revisions"}],"predecessor-version":[{"id":7059,"href":"https:\/\/quebriac.fr\/webcommune\/index.php?rest_route=\/wp\/v2\/posts\/7057\/revisions\/7059"}],"wp:featuredmedia":[{"embeddable":true,"href":"https:\/\/quebriac.fr\/webcommune\/index.php?rest_route=\/wp\/v2\/media\/861"}],"wp:attachment":[{"href":"https:\/\/quebriac.fr\/webcommune\/index.php?rest_route=%2Fwp%2Fv2%2Fmedia&parent=7057"}],"wp:term":[{"taxonomy":"category","embeddable":true,"href":"https:\/\/quebriac.fr\/webcommune\/index.php?rest_route=%2Fwp%2Fv2%2Fcategories&post=7057"},{"taxonomy":"post_tag","embeddable":true,"href":"https:\/\/quebriac.fr\/webcommune\/index.php?rest_route=%2Fwp%2Fv2%2Ftags&post=7057"}],"curies":[{"name":"wp","href":"https:\/\/api.w.org\/{rel}","templated":true}]}}