{"id":7140,"date":"2021-12-02T09:21:01","date_gmt":"2021-12-02T07:21:01","guid":{"rendered":"https:\/\/quebriac.fr\/webcommune\/?p=7140"},"modified":"2021-12-02T10:22:02","modified_gmt":"2021-12-02T08:22:02","slug":"arrete-temporaire-de-stationnement-place-de-leglise","status":"publish","type":"post","link":"https:\/\/quebriac.fr\/webcommune\/?p=7140","title":{"rendered":"Arr\u00eat\u00e9 temporaire de stationnement&#8230;Place de l&rsquo;\u00c9glise"},"content":{"rendered":"<p>Le stationnement des v\u00e9hicules de toute nature est interdit le vendredi 3 d\u00e9cembre 2021 de 8h \u00e0 23h<!--more--><\/p>\n<p><a href=\"https:\/\/quebriac.fr\/webcommune\/wp-content\/uploads\/2021\/11\/Arrete-municipal-stationnement-place-de-leglise.pdf\" target=\"_blank\" rel=\"noopener noreferrer\">Arr\u00eat\u00e9 municipal stationnement place de l&rsquo;\u00e9glise<\/a><\/p>\n","protected":false},"excerpt":{"rendered":"<p>Le stationnement des v\u00e9hicules de toute nature est interdit le vendredi 3 d\u00e9cembre 2021 de 8h \u00e0 23h<\/p>\n<p class=\"continue-reading-button\"> <a class=\"continue-reading-link\" href=\"https:\/\/quebriac.fr\/webcommune\/?p=7140\">La suite&#8230;<i class=\"crycon-right-dir\"><\/i><\/a><\/p>\n","protected":false},"author":2,"featured_media":861,"comment_status":"closed","ping_status":"closed","sticky":false,"template":"","format":"standard","meta":{"footnotes":""},"categories":[5],"tags":[],"class_list":["post-7140","post","type-post","status-publish","format-standard","has-post-thumbnail","hentry","category-arrete-municipal"],"_links":{"self":[{"href":"https:\/\/quebriac.fr\/webcommune\/index.php?rest_route=\/wp\/v2\/posts\/7140"}],"collection":[{"href":"https:\/\/quebriac.fr\/webcommune\/index.php?rest_route=\/wp\/v2\/posts"}],"about":[{"href":"https:\/\/quebriac.fr\/webcommune\/index.php?rest_route=\/wp\/v2\/types\/post"}],"author":[{"embeddable":true,"href":"https:\/\/quebriac.fr\/webcommune\/index.php?rest_route=\/wp\/v2\/users\/2"}],"replies":[{"embeddable":true,"href":"https:\/\/quebriac.fr\/webcommune\/index.php?rest_route=%2Fwp%2Fv2%2Fcomments&post=7140"}],"version-history":[{"count":2,"href":"https:\/\/quebriac.fr\/webcommune\/index.php?rest_route=\/wp\/v2\/posts\/7140\/revisions"}],"predecessor-version":[{"id":7143,"href":"https:\/\/quebriac.fr\/webcommune\/index.php?rest_route=\/wp\/v2\/posts\/7140\/revisions\/7143"}],"wp:featuredmedia":[{"embeddable":true,"href":"https:\/\/quebriac.fr\/webcommune\/index.php?rest_route=\/wp\/v2\/media\/861"}],"wp:attachment":[{"href":"https:\/\/quebriac.fr\/webcommune\/index.php?rest_route=%2Fwp%2Fv2%2Fmedia&parent=7140"}],"wp:term":[{"taxonomy":"category","embeddable":true,"href":"https:\/\/quebriac.fr\/webcommune\/index.php?rest_route=%2Fwp%2Fv2%2Fcategories&post=7140"},{"taxonomy":"post_tag","embeddable":true,"href":"https:\/\/quebriac.fr\/webcommune\/index.php?rest_route=%2Fwp%2Fv2%2Ftags&post=7140"}],"curies":[{"name":"wp","href":"https:\/\/api.w.org\/{rel}","templated":true}]}}