{"id":719,"date":"2016-04-20T09:18:59","date_gmt":"2016-04-20T07:18:59","guid":{"rendered":"https:\/\/quebriac.fr\/webcommune\/?p=719"},"modified":"2021-03-09T12:29:49","modified_gmt":"2021-03-09T10:29:49","slug":"frelon-asiatique-mise-en-place-dun-dispositif-de-lutte","status":"publish","type":"post","link":"https:\/\/quebriac.fr\/webcommune\/?p=719","title":{"rendered":"Frelon asiatique : mise en place d\u2019un dispositif de lutte"},"content":{"rendered":"<p>En collaboration avec les communes et en partenariat avec la F\u00e9d\u00e9ration\u00a0 D\u00e9partementale des Groupements de D\u00e9fense contre les Organismes Nuisibles\u00a0 (FDGON 35), la Communaut\u00e9 de communes a mis en place un <strong>dispositif de lutte contre le frelon asiatique<\/strong> sur le territoire.<\/p>\n<p>Le frelon asiatique n\u2019ayant pas de pr\u00e9dateurs naturels, il revient \u00e0 l\u2019Homme de prendre des dispositions : la <strong>destruction de la colonie <\/strong>et le pi\u00e9geage en font parties.<\/p>\n<p><strong><u>Le pi\u00e9geage <\/u><\/strong><\/p>\n<p>N\u2019\u00e9tant pas 100% s\u00e9lectif, il g\u00e9n\u00e8re la capture d\u2019autres esp\u00e8ces pollinisatrices\u00a0: abeilles, papillons, col\u00e9opt\u00e8res\u2026 Mettre en place des pi\u00e8ges toute l\u2019ann\u00e9e peut cr\u00e9er des troubles en termes de biodiversit\u00e9. C\u2019est pourquoi il convient de le faire au bon moment\u00a0: les dispositifs doivent \u00eatre <strong>mis en place au mois d\u2019avril<\/strong>, c\u2019est-\u00e0-dire lors de l\u2019\u00e9mergence de femelles f\u00e9cond\u00e9es qui attendent les jours plus doux pour construire une colonie, et \u00eatre <strong>retir\u00e9s \u00e0 la mi-mai.<\/strong><\/p>\n<p>Il n\u2019est d\u2019ailleurs pas une solution \u00e0 long terme, le pi\u00e9geage ne comptabilisant que peu de \u00ab\u00a0captures\u00a0\u00bb au vu d\u2019une colonie moyenne de 1\u00a0500 frelons.<\/p>\n<p>Pour accompagner les communes le souhaitant dans cette d\u00e9marche, des pi\u00e8ges sont disponibles aupr\u00e8s de la Communaut\u00e9 de communes <em>(pour les communes et les apiculteurs uniquement).<\/em><\/p>\n<p><img loading=\"lazy\" decoding=\"async\" class=\"wp-image-720 alignleft\" src=\"https:\/\/quebriac.fr\/webcommune\/wp-content\/uploads\/2016\/04\/frelons-asiatiques.jpg\" alt=\"frelons asiatiques\" width=\"234\" height=\"236\" \/><\/p>\n<p>&nbsp;<\/p>\n<p>&nbsp;<\/p>\n<p>&nbsp;<\/p>\n<p><strong><u>Le signalement et la destruction de nids<\/u><\/strong><\/p>\n<p>Le dispositif mis en place dans les communes est simple\u00a0: au <strong>signalement d\u2019un nid de frelons aupr\u00e8s de la mairie<\/strong>, les r\u00e9f\u00e9rents (constitu\u00e9s d\u2019un duo agent-\u00e9lu),\u00a0 iront l\u2019identifier afin de s\u2019assurer de la nature de l\u2019esp\u00e8ce et de son niveau de dangerosit\u00e9.<br \/>\nDans un cas av\u00e9r\u00e9, la commune fera appel \u00e0 une <strong>entreprise mandat\u00e9e pour pratiquer une intervention<\/strong>, parmi celles s\u00e9lectionn\u00e9s certaines seront habilit\u00e9s \u00e0 intervenir le week-end.<\/p>\n<p>Le professionnel en charge\u00a0 injectera un produit en poudre \u00e0 base de perm\u00e9thrine dans le nid\u00a0; ce dernier est ensuite laiss\u00e9 sur place pour \u00e9viter toute diffusion du produit en dehors.<\/p>\n<p>Les nids ne sont pas syst\u00e9matiquement implant\u00e9s dans les arbres, le frelon asiatique cherchera avant tout un endroit sec et au chaud. Ainsi de nombreux lieux \u00abincongrus\u00a0\u00bb ont \u00e9t\u00e9 relev\u00e9s\u00a0: grange, poulailler, avaloir, galerie de ragondins, compteur \u00e9lectrique, haies\u2026<em>\u00a0 <\/em><br \/>\n<strong>Le co\u00fbt de l\u2019intervention sera\u00a0 pris en charge \u00e0 50 % par la commune, la Communaut\u00e9 de communes abondera les\u00a0 50 % restants<\/strong> et effectuera un suivi de la destruction des nids.<\/p>\n","protected":false},"excerpt":{"rendered":"<p>En collaboration avec les communes et en partenariat avec la F\u00e9d\u00e9ration\u00a0 D\u00e9partementale des Groupements de D\u00e9fense contre les Organismes Nuisibles\u00a0 (FDGON 35), la Communaut\u00e9 de communes a mis en place\u2026<\/p>\n<p class=\"continue-reading-button\"> <a class=\"continue-reading-link\" href=\"https:\/\/quebriac.fr\/webcommune\/?p=719\">La suite&#8230;<i class=\"crycon-right-dir\"><\/i><\/a><\/p>\n","protected":false},"author":2,"featured_media":721,"comment_status":"closed","ping_status":"closed","sticky":false,"template":"","format":"standard","meta":{"footnotes":""},"categories":[13],"tags":[],"class_list":["post-719","post","type-post","status-publish","format-standard","has-post-thumbnail","hentry","category-environnement"],"_links":{"self":[{"href":"https:\/\/quebriac.fr\/webcommune\/index.php?rest_route=\/wp\/v2\/posts\/719"}],"collection":[{"href":"https:\/\/quebriac.fr\/webcommune\/index.php?rest_route=\/wp\/v2\/posts"}],"about":[{"href":"https:\/\/quebriac.fr\/webcommune\/index.php?rest_route=\/wp\/v2\/types\/post"}],"author":[{"embeddable":true,"href":"https:\/\/quebriac.fr\/webcommune\/index.php?rest_route=\/wp\/v2\/users\/2"}],"replies":[{"embeddable":true,"href":"https:\/\/quebriac.fr\/webcommune\/index.php?rest_route=%2Fwp%2Fv2%2Fcomments&post=719"}],"version-history":[{"count":2,"href":"https:\/\/quebriac.fr\/webcommune\/index.php?rest_route=\/wp\/v2\/posts\/719\/revisions"}],"predecessor-version":[{"id":6237,"href":"https:\/\/quebriac.fr\/webcommune\/index.php?rest_route=\/wp\/v2\/posts\/719\/revisions\/6237"}],"wp:featuredmedia":[{"embeddable":true,"href":"https:\/\/quebriac.fr\/webcommune\/index.php?rest_route=\/wp\/v2\/media\/721"}],"wp:attachment":[{"href":"https:\/\/quebriac.fr\/webcommune\/index.php?rest_route=%2Fwp%2Fv2%2Fmedia&parent=719"}],"wp:term":[{"taxonomy":"category","embeddable":true,"href":"https:\/\/quebriac.fr\/webcommune\/index.php?rest_route=%2Fwp%2Fv2%2Fcategories&post=719"},{"taxonomy":"post_tag","embeddable":true,"href":"https:\/\/quebriac.fr\/webcommune\/index.php?rest_route=%2Fwp%2Fv2%2Ftags&post=719"}],"curies":[{"name":"wp","href":"https:\/\/api.w.org\/{rel}","templated":true}]}}