{"id":7314,"date":"2022-01-21T13:13:10","date_gmt":"2022-01-21T11:13:10","guid":{"rendered":"https:\/\/quebriac.fr\/webcommune\/?p=7314"},"modified":"2022-01-21T13:18:18","modified_gmt":"2022-01-21T11:18:18","slug":"la-fibre-optique-arrive-a-quebriac","status":"publish","type":"post","link":"https:\/\/quebriac.fr\/webcommune\/?p=7314","title":{"rendered":"La fibre optique arrive \u00e0 Qu\u00e9briac"},"content":{"rendered":"<p>Les premiers travaux de d\u00e9ploiement de la fibre optique se terminent sur Qu\u00e9briac. Ils permettent d&rsquo;avoir des logements raccordables sur une partie du bourg \u00e0 compter du 2 F\u00e9vrier 2022. Pour chacun de ces logements rendus \u00e9ligibles \u00e0 la commercialisation, une lettre d&rsquo;information a \u00e9t\u00e9 d\u00e9pos\u00e9e dans les boites aux lettres par les \u00e9lus. Chacun pourra contacter son fournisseur d&rsquo;acc\u00e8s internet pour conna\u00eetre les modalit\u00e9s de raccordement propos\u00e9es et profiter d&rsquo;un acc\u00e8s internet \u00e0 tr\u00e8s haut d\u00e9bit.<\/p>\n<p>Les autres secteurs concern\u00e9s par le d\u00e9ploiement seront desservis dans les prochains mois. Il est toujours possible de v\u00e9rifier l&rsquo;\u00e9ligibilit\u00e9 du logement gr\u00e2ce au service disponible \u00e0 l&rsquo;adresse suivante: <a class=\"moz-txt-link-freetext\" href=\"http:\/thdbretagne.bzh\/pratique\/cartographie\" target=\"_blank\" rel=\"noopener noreferrer\">http:\/thdbretagne.bzh\/pratique\/cartographie<\/a>.<\/p>\n<p><a href=\"https:\/\/quebriac.fr\/webcommune\/wp-content\/uploads\/2022\/01\/Article_Quebriac-1.pdf\" target=\"_blank\" rel=\"noopener noreferrer\">T\u00e9l\u00e9charger le document de M\u00e9galis BRETAGNE<\/a><\/p>\n","protected":false},"excerpt":{"rendered":"<p>Les premiers travaux de d\u00e9ploiement de la fibre optique se terminent sur Qu\u00e9briac. Ils permettent d&rsquo;avoir des logements raccordables sur une partie du bourg \u00e0 compter du 2 F\u00e9vrier 2022.\u2026<\/p>\n<p class=\"continue-reading-button\"> <a class=\"continue-reading-link\" href=\"https:\/\/quebriac.fr\/webcommune\/?p=7314\">La suite&#8230;<i class=\"crycon-right-dir\"><\/i><\/a><\/p>\n","protected":false},"author":1,"featured_media":7319,"comment_status":"closed","ping_status":"closed","sticky":false,"template":"","format":"standard","meta":{"footnotes":""},"categories":[16],"tags":[],"class_list":["post-7314","post","type-post","status-publish","format-standard","has-post-thumbnail","hentry","category-la-vie-communale"],"_links":{"self":[{"href":"https:\/\/quebriac.fr\/webcommune\/index.php?rest_route=\/wp\/v2\/posts\/7314"}],"collection":[{"href":"https:\/\/quebriac.fr\/webcommune\/index.php?rest_route=\/wp\/v2\/posts"}],"about":[{"href":"https:\/\/quebriac.fr\/webcommune\/index.php?rest_route=\/wp\/v2\/types\/post"}],"author":[{"embeddable":true,"href":"https:\/\/quebriac.fr\/webcommune\/index.php?rest_route=\/wp\/v2\/users\/1"}],"replies":[{"embeddable":true,"href":"https:\/\/quebriac.fr\/webcommune\/index.php?rest_route=%2Fwp%2Fv2%2Fcomments&post=7314"}],"version-history":[{"count":2,"href":"https:\/\/quebriac.fr\/webcommune\/index.php?rest_route=\/wp\/v2\/posts\/7314\/revisions"}],"predecessor-version":[{"id":7317,"href":"https:\/\/quebriac.fr\/webcommune\/index.php?rest_route=\/wp\/v2\/posts\/7314\/revisions\/7317"}],"wp:featuredmedia":[{"embeddable":true,"href":"https:\/\/quebriac.fr\/webcommune\/index.php?rest_route=\/wp\/v2\/media\/7319"}],"wp:attachment":[{"href":"https:\/\/quebriac.fr\/webcommune\/index.php?rest_route=%2Fwp%2Fv2%2Fmedia&parent=7314"}],"wp:term":[{"taxonomy":"category","embeddable":true,"href":"https:\/\/quebriac.fr\/webcommune\/index.php?rest_route=%2Fwp%2Fv2%2Fcategories&post=7314"},{"taxonomy":"post_tag","embeddable":true,"href":"https:\/\/quebriac.fr\/webcommune\/index.php?rest_route=%2Fwp%2Fv2%2Ftags&post=7314"}],"curies":[{"name":"wp","href":"https:\/\/api.w.org\/{rel}","templated":true}]}}