{"id":7427,"date":"2022-02-09T10:40:59","date_gmt":"2022-02-09T08:40:59","guid":{"rendered":"https:\/\/quebriac.fr\/webcommune\/?p=7427"},"modified":"2022-02-09T10:45:51","modified_gmt":"2022-02-09T08:45:51","slug":"fabrik-de-lemploi-2022","status":"publish","type":"post","link":"https:\/\/quebriac.fr\/webcommune\/?p=7427","title":{"rendered":"FABRIK DE L\u2019EMPLOI 2022"},"content":{"rendered":"<p>LE RENDEZ-VOUS DE L\u2019EMPLOI ET DE LA FORMATION EN BRETAGNE ROMANTIQUE<\/p>\n<p><!--more--><\/p>\n<p><img loading=\"lazy\" decoding=\"async\" class=\"alignnone size-full wp-image-7428\" src=\"https:\/\/quebriac.fr\/webcommune\/wp-content\/uploads\/2022\/02\/fabrik.jpg\" alt=\"\" width=\"601\" height=\"840\" srcset=\"https:\/\/quebriac.fr\/webcommune\/wp-content\/uploads\/2022\/02\/fabrik.jpg 601w, https:\/\/quebriac.fr\/webcommune\/wp-content\/uploads\/2022\/02\/fabrik-215x300.jpg 215w, https:\/\/quebriac.fr\/webcommune\/wp-content\/uploads\/2022\/02\/fabrik-107x150.jpg 107w\" sizes=\"(max-width: 601px) 100vw, 601px\" \/><\/p>\n<p>Organis\u00e9e par la Communaut\u00e9 de communes Bretagne romantique, la 4\u00e8me \u00e9dition de la Fabrik de l\u2019Emploi aura lieu le VENDREDI 25 FEVRIER 2022 \u00e0 l\u2019Espace sportif \u00e0 Tint\u00e9niac.<\/p>\n<p>V\u00e9ritable lieu de rencontre et d\u2019information, le forum est l\u2019occasion pour les visiteurs et les demandeurs d\u2019emploi d\u2019\u00e9changer avec les employeurs du territoire, de mieux conna\u00eetre les entreprises qui y sont implant\u00e9s et de s\u2019informer sur les formations et les services propos\u00e9s par les partenaires de l\u2019emploi.<\/p>\n<p><strong>PLUS DE 80 EXPOSANTS dont 58 entreprises du territoire<\/strong><\/p>\n<p>Entreprises du territoire issues de multiples secteurs d&rsquo;activit\u00e9s, agences d&rsquo;int\u00e9rims, f\u00e9d\u00e9rations de m\u00e9tiers, administrations, partenaires de l&#8217;emploi : ils seront tous pr\u00e9sents sur le forum !<br \/>\nLa liste compl\u00e8te des exposants est disponible sur le site internet de la Communaut\u00e9 de communes<br \/>\n<a href=\"https:\/\/bretagneromantique.fr\/fabrik-de-lemploi-2022\/\" target=\"_blank\" rel=\"noopener noreferrer\">https:\/\/bretagneromantique.fr\/fabrik-de-lemploi-2022\/<\/a><\/p>\n<p><strong>DES ANIMATIONS TOUT AU LONG DE LA MATINEE<\/strong><\/p>\n<p>Les visiteurs pourront d\u00e9ambuler librement de stands en stands et \u00e9galement participer \u00e0 des ateliers mis en place dans la salle annexe de l\u2019Espace Sportif.<\/p>\n<ul>\n<li>de 9h \u00e0 10h : Atelier \u00ab Job attitude \u00bb pr\u00e9parez-vous \u00e0 l\u2019entretien d\u2019embauche \u2013 anim\u00e9 par la Mission Locale<\/li>\n<li>de 10h \u00e0 10h30 : pr\u00e9sentation des m\u00e9tiers de l\u2019industrie par l\u2019UIMM (Union des Industries et M\u00e9tiers de la M\u00e9tallurgie)<\/li>\n<li>de 10h30 \u00e0 11h : pr\u00e9sentation des m\u00e9tiers du b\u00e2timent par la F\u00e9d\u00e9ration du b\u00e2timent<\/li>\n<li>de 11h \u00e0 11h30 : pr\u00e9sentation des m\u00e9tiers des services \u00e0 la personne par les salari\u00e9s de l\u2019ADMR et le lyc\u00e9e Abb\u00e9 Pierre, proposant une formation Service \u00e0 la Personne.<\/li>\n<li>de 11h30 \u00e0 12h30 : pr\u00e9sentation des dispositifs d\u2019aides aux demandeurs d\u2019emploi par P\u00f4le Emploi Combourg et la R\u00e9gion Bretagne<\/li>\n<\/ul>\n<p><strong>COMMENT VENIR ?<\/strong><br \/>\nUn parking est \u00e0 disposition \u00e0 proximit\u00e9 de l\u2019Espace Sportif.<br \/>\nPour vous rendre au forum, il est possible de covoiturer avec un autre visiteur ou bien de proposer vous-m\u00eame un trajet !<br \/>\nN&rsquo;h\u00e9sitez pas \u00e0 consulter les trajets disponibles ou \u00e0 en proposer sur<br \/>\n<a href=\"https:\/\/www.ouestgo.fr\/covoiturages-evenements\/1108\/Fabrik-de-l-emploi\" target=\"_blank\" rel=\"noopener noreferrer\">https:\/\/www.ouestgo.fr\/covoiturages-evenements\/1108\/Fabrik-de-l-emploi<\/a><br \/>\nPour toutes questions relatives au covoiturage, il est possible de contacter Guillaume au 07.69.14 .08.88.<br \/>\nLes transports en commun desservent \u00e9galement Tint\u00e9niac depuis Mesnil Roc&rsquo;h, Pleugueneuc, Saint-Domineuc (ligne car 8b ou 8b) ou encore H\u00e9d\u00e9-Bazouges (ligne car 8a) : retrouvez le d\u00e9tails des itin\u00e9raires ci-contre.<\/p>\n<p>Acc\u00e8s libre \u2013 sur pr\u00e9sentation d\u2019un pass vacinnal<br \/>\nPlus d\u2019informations sur <a href=\"https:\/\/bretagneromantique.fr\/fabrik-de-lemploi-2022\/\" target=\"_blank\" rel=\"noopener noreferrer\">https:\/\/bretagneromantique.fr\/fabrik-de-lemploi-2022\/<\/a><\/p>\n","protected":false},"excerpt":{"rendered":"<p>LE RENDEZ-VOUS DE L\u2019EMPLOI ET DE LA FORMATION EN BRETAGNE ROMANTIQUE<\/p>\n<p class=\"continue-reading-button\"> <a class=\"continue-reading-link\" href=\"https:\/\/quebriac.fr\/webcommune\/?p=7427\">La suite&#8230;<i class=\"crycon-right-dir\"><\/i><\/a><\/p>\n","protected":false},"author":1,"featured_media":1762,"comment_status":"closed","ping_status":"closed","sticky":false,"template":"","format":"standard","meta":{"footnotes":""},"categories":[8],"tags":[],"class_list":["post-7427","post","type-post","status-publish","format-standard","has-post-thumbnail","hentry","category-bretagne-romantique"],"_links":{"self":[{"href":"https:\/\/quebriac.fr\/webcommune\/index.php?rest_route=\/wp\/v2\/posts\/7427"}],"collection":[{"href":"https:\/\/quebriac.fr\/webcommune\/index.php?rest_route=\/wp\/v2\/posts"}],"about":[{"href":"https:\/\/quebriac.fr\/webcommune\/index.php?rest_route=\/wp\/v2\/types\/post"}],"author":[{"embeddable":true,"href":"https:\/\/quebriac.fr\/webcommune\/index.php?rest_route=\/wp\/v2\/users\/1"}],"replies":[{"embeddable":true,"href":"https:\/\/quebriac.fr\/webcommune\/index.php?rest_route=%2Fwp%2Fv2%2Fcomments&post=7427"}],"version-history":[{"count":6,"href":"https:\/\/quebriac.fr\/webcommune\/index.php?rest_route=\/wp\/v2\/posts\/7427\/revisions"}],"predecessor-version":[{"id":7434,"href":"https:\/\/quebriac.fr\/webcommune\/index.php?rest_route=\/wp\/v2\/posts\/7427\/revisions\/7434"}],"wp:featuredmedia":[{"embeddable":true,"href":"https:\/\/quebriac.fr\/webcommune\/index.php?rest_route=\/wp\/v2\/media\/1762"}],"wp:attachment":[{"href":"https:\/\/quebriac.fr\/webcommune\/index.php?rest_route=%2Fwp%2Fv2%2Fmedia&parent=7427"}],"wp:term":[{"taxonomy":"category","embeddable":true,"href":"https:\/\/quebriac.fr\/webcommune\/index.php?rest_route=%2Fwp%2Fv2%2Fcategories&post=7427"},{"taxonomy":"post_tag","embeddable":true,"href":"https:\/\/quebriac.fr\/webcommune\/index.php?rest_route=%2Fwp%2Fv2%2Ftags&post=7427"}],"curies":[{"name":"wp","href":"https:\/\/api.w.org\/{rel}","templated":true}]}}