{"id":7492,"date":"2022-02-12T10:41:18","date_gmt":"2022-02-12T08:41:18","guid":{"rendered":"https:\/\/quebriac.fr\/webcommune\/?p=7492"},"modified":"2022-02-12T10:42:09","modified_gmt":"2022-02-12T08:42:09","slug":"vaccination-covid-2","status":"publish","type":"post","link":"https:\/\/quebriac.fr\/webcommune\/?p=7492","title":{"rendered":"Vaccination COVID"},"content":{"rendered":"<p class=\"ox-18a3f12302-MsoNormal\">L\u2019ARS et la Croix-Rouge organise une vaccination CODID des enfants de 5 \u00e0 11 ans le vendredi 18 f\u00e9vrier 2022 de 10h30 \u00e0 12h45 \u00e0 l\u2019Espace Du Guesclin \u00e0 TINT\u00c9NIAC (vaccin Pfizer p\u00e9diatrique : 3 fois moins dos\u00e9).<\/p>\n<p class=\"ox-18a3f12302-MsoNormal\">RDV par t\u00e9l\u00e9phone \u00e0 la mairie de TINT\u00c9NIAC\u00a0: 02.99.68.18.68<\/p>\n","protected":false},"excerpt":{"rendered":"<p>L\u2019ARS et la Croix-Rouge organise une vaccination CODID des enfants de 5 \u00e0 11 ans le vendredi 18 f\u00e9vrier 2022 de 10h30 \u00e0 12h45 \u00e0 l\u2019Espace Du Guesclin \u00e0 TINT\u00c9NIAC\u2026<\/p>\n<p class=\"continue-reading-button\"> <a class=\"continue-reading-link\" href=\"https:\/\/quebriac.fr\/webcommune\/?p=7492\">La suite&#8230;<i class=\"crycon-right-dir\"><\/i><\/a><\/p>\n","protected":false},"author":1,"featured_media":0,"comment_status":"closed","ping_status":"closed","sticky":false,"template":"","format":"standard","meta":{"footnotes":""},"categories":[27],"tags":[],"class_list":["post-7492","post","type-post","status-publish","format-standard","hentry","category-sante"],"_links":{"self":[{"href":"https:\/\/quebriac.fr\/webcommune\/index.php?rest_route=\/wp\/v2\/posts\/7492"}],"collection":[{"href":"https:\/\/quebriac.fr\/webcommune\/index.php?rest_route=\/wp\/v2\/posts"}],"about":[{"href":"https:\/\/quebriac.fr\/webcommune\/index.php?rest_route=\/wp\/v2\/types\/post"}],"author":[{"embeddable":true,"href":"https:\/\/quebriac.fr\/webcommune\/index.php?rest_route=\/wp\/v2\/users\/1"}],"replies":[{"embeddable":true,"href":"https:\/\/quebriac.fr\/webcommune\/index.php?rest_route=%2Fwp%2Fv2%2Fcomments&post=7492"}],"version-history":[{"count":3,"href":"https:\/\/quebriac.fr\/webcommune\/index.php?rest_route=\/wp\/v2\/posts\/7492\/revisions"}],"predecessor-version":[{"id":7495,"href":"https:\/\/quebriac.fr\/webcommune\/index.php?rest_route=\/wp\/v2\/posts\/7492\/revisions\/7495"}],"wp:attachment":[{"href":"https:\/\/quebriac.fr\/webcommune\/index.php?rest_route=%2Fwp%2Fv2%2Fmedia&parent=7492"}],"wp:term":[{"taxonomy":"category","embeddable":true,"href":"https:\/\/quebriac.fr\/webcommune\/index.php?rest_route=%2Fwp%2Fv2%2Fcategories&post=7492"},{"taxonomy":"post_tag","embeddable":true,"href":"https:\/\/quebriac.fr\/webcommune\/index.php?rest_route=%2Fwp%2Fv2%2Ftags&post=7492"}],"curies":[{"name":"wp","href":"https:\/\/api.w.org\/{rel}","templated":true}]}}