{"id":8176,"date":"2022-07-21T09:58:41","date_gmt":"2022-07-21T07:58:41","guid":{"rendered":"https:\/\/quebriac.fr\/webcommune\/?p=8176"},"modified":"2023-04-09T11:01:20","modified_gmt":"2023-04-09T09:01:20","slug":"gratuite-du-service-breizhgo-pour-les-moins-de-26-ans","status":"publish","type":"post","link":"https:\/\/quebriac.fr\/webcommune\/?p=8176","title":{"rendered":"Gratuit\u00e9 du service BreizhGo &#8230;&#8230;pour les moins de 26 ans"},"content":{"rendered":"<p>la r\u00e9gion Bretagne met \u00e0 disposition plus de 50.000 <strong>billets de cars, de trains, de bateau gratuits par semaine<\/strong> pour l\u2019\u00e9t\u00e9.<!--more--><\/p>\n<p>Cette offre est \u00e0 des coll\u00e9giens\/lyc\u00e9ens\/apprentis\/\u00e9tudiants\/solidaire de moins de 26 ans\u00a0!<\/p>\n<p>C\u2019est l\u2019occasion de bouger et de d\u00e9couvrir le territoire de la Bretagne durant cette p\u00e9riode estivale \u00e0 moindre co\u00fbts.<\/p>\n<p>Pour plus d\u2019informations\u00a0: <a href=\"https:\/\/www.ter.sncf.com\/bretagne\/tarifs-cartes\/bons-plans\/gratuite-jeunes\">Gratuit\u00e9 BreizhGo Jeunes &#8211; Voyages \u00e0 0\u20ac sur les TER BreizhGo | TER BreizhGo (sncf.com)<\/a><\/p>\n<p>&nbsp;<\/p>\n<p><img decoding=\"async\" src=\"https:\/\/www.ccdol-baiemsm.bzh\/medias\/2022\/03\/Facebook820X312px-1.jpg\" alt=\"D\u00e9placez-vous autrement : covoiturez !\" \/><\/p>\n<p>&nbsp;<\/p>\n","protected":false},"excerpt":{"rendered":"<p>la r\u00e9gion Bretagne met \u00e0 disposition plus de 50.000 billets de cars, de trains, de bateau gratuits par semaine pour l\u2019\u00e9t\u00e9.<\/p>\n<p class=\"continue-reading-button\"> <a class=\"continue-reading-link\" href=\"https:\/\/quebriac.fr\/webcommune\/?p=8176\">La suite&#8230;<i class=\"crycon-right-dir\"><\/i><\/a><\/p>\n","protected":false},"author":2,"featured_media":8177,"comment_status":"closed","ping_status":"closed","sticky":false,"template":"","format":"standard","meta":{"footnotes":""},"categories":[33],"tags":[],"class_list":["post-8176","post","type-post","status-publish","format-standard","has-post-thumbnail","hentry","category-mobilite"],"_links":{"self":[{"href":"https:\/\/quebriac.fr\/webcommune\/index.php?rest_route=\/wp\/v2\/posts\/8176"}],"collection":[{"href":"https:\/\/quebriac.fr\/webcommune\/index.php?rest_route=\/wp\/v2\/posts"}],"about":[{"href":"https:\/\/quebriac.fr\/webcommune\/index.php?rest_route=\/wp\/v2\/types\/post"}],"author":[{"embeddable":true,"href":"https:\/\/quebriac.fr\/webcommune\/index.php?rest_route=\/wp\/v2\/users\/2"}],"replies":[{"embeddable":true,"href":"https:\/\/quebriac.fr\/webcommune\/index.php?rest_route=%2Fwp%2Fv2%2Fcomments&post=8176"}],"version-history":[{"count":1,"href":"https:\/\/quebriac.fr\/webcommune\/index.php?rest_route=\/wp\/v2\/posts\/8176\/revisions"}],"predecessor-version":[{"id":8178,"href":"https:\/\/quebriac.fr\/webcommune\/index.php?rest_route=\/wp\/v2\/posts\/8176\/revisions\/8178"}],"wp:featuredmedia":[{"embeddable":true,"href":"https:\/\/quebriac.fr\/webcommune\/index.php?rest_route=\/wp\/v2\/media\/8177"}],"wp:attachment":[{"href":"https:\/\/quebriac.fr\/webcommune\/index.php?rest_route=%2Fwp%2Fv2%2Fmedia&parent=8176"}],"wp:term":[{"taxonomy":"category","embeddable":true,"href":"https:\/\/quebriac.fr\/webcommune\/index.php?rest_route=%2Fwp%2Fv2%2Fcategories&post=8176"},{"taxonomy":"post_tag","embeddable":true,"href":"https:\/\/quebriac.fr\/webcommune\/index.php?rest_route=%2Fwp%2Fv2%2Ftags&post=8176"}],"curies":[{"name":"wp","href":"https:\/\/api.w.org\/{rel}","templated":true}]}}