{"id":8237,"date":"2022-08-10T11:54:55","date_gmt":"2022-08-10T09:54:55","guid":{"rendered":"https:\/\/quebriac.fr\/webcommune\/?p=8237"},"modified":"2022-08-10T11:56:10","modified_gmt":"2022-08-10T09:56:10","slug":"lille-et-vilaine-placee-en-vigilance-jaune-canicule","status":"publish","type":"post","link":"https:\/\/quebriac.fr\/webcommune\/?p=8237","title":{"rendered":"L\u2019Ille-et-Vilaine plac\u00e9e en vigilance jaune canicule"},"content":{"rendered":"<p>Une nouvelle vigilance canicule est d\u00e9cr\u00e9t\u00e9e en Ille-et-Vilaine, \u00e0 compter du 10 ao\u00fbt 2022.\u00a0<!--more--><\/p>\n<p><a href=\"https:\/\/www.ille-et-vilaine.gouv.fr\/Actualites\/Breves\/Meteo-Fortes-chaleurs-adoptez-les-bons-gestes2\" target=\"_blank\" rel=\"noopener noreferrer\">+ d&rsquo;infos<\/a><\/p>\n<p><img decoding=\"async\" src=\"https:\/\/meteofrance.com\/sites\/meteofrance.com\/files\/styles\/free_crop\/public\/images\/editorial\/521048_spf00003907-page-001.gif?itok=r8RQdLtk\" alt=\"Canicule : comment se prot\u00e9ger ? | M\u00e9t\u00e9o-France\" \/><\/p>\n","protected":false},"excerpt":{"rendered":"<p>Une nouvelle vigilance canicule est d\u00e9cr\u00e9t\u00e9e en Ille-et-Vilaine, \u00e0 compter du 10 ao\u00fbt 2022.\u00a0<\/p>\n<p class=\"continue-reading-button\"> <a class=\"continue-reading-link\" href=\"https:\/\/quebriac.fr\/webcommune\/?p=8237\">La suite&#8230;<i class=\"crycon-right-dir\"><\/i><\/a><\/p>\n","protected":false},"author":2,"featured_media":8238,"comment_status":"closed","ping_status":"closed","sticky":false,"template":"","format":"standard","meta":{"footnotes":""},"categories":[27,24],"tags":[],"class_list":["post-8237","post","type-post","status-publish","format-standard","has-post-thumbnail","hentry","category-sante","category-vigilance-meteo"],"_links":{"self":[{"href":"https:\/\/quebriac.fr\/webcommune\/index.php?rest_route=\/wp\/v2\/posts\/8237"}],"collection":[{"href":"https:\/\/quebriac.fr\/webcommune\/index.php?rest_route=\/wp\/v2\/posts"}],"about":[{"href":"https:\/\/quebriac.fr\/webcommune\/index.php?rest_route=\/wp\/v2\/types\/post"}],"author":[{"embeddable":true,"href":"https:\/\/quebriac.fr\/webcommune\/index.php?rest_route=\/wp\/v2\/users\/2"}],"replies":[{"embeddable":true,"href":"https:\/\/quebriac.fr\/webcommune\/index.php?rest_route=%2Fwp%2Fv2%2Fcomments&post=8237"}],"version-history":[{"count":1,"href":"https:\/\/quebriac.fr\/webcommune\/index.php?rest_route=\/wp\/v2\/posts\/8237\/revisions"}],"predecessor-version":[{"id":8239,"href":"https:\/\/quebriac.fr\/webcommune\/index.php?rest_route=\/wp\/v2\/posts\/8237\/revisions\/8239"}],"wp:featuredmedia":[{"embeddable":true,"href":"https:\/\/quebriac.fr\/webcommune\/index.php?rest_route=\/wp\/v2\/media\/8238"}],"wp:attachment":[{"href":"https:\/\/quebriac.fr\/webcommune\/index.php?rest_route=%2Fwp%2Fv2%2Fmedia&parent=8237"}],"wp:term":[{"taxonomy":"category","embeddable":true,"href":"https:\/\/quebriac.fr\/webcommune\/index.php?rest_route=%2Fwp%2Fv2%2Fcategories&post=8237"},{"taxonomy":"post_tag","embeddable":true,"href":"https:\/\/quebriac.fr\/webcommune\/index.php?rest_route=%2Fwp%2Fv2%2Ftags&post=8237"}],"curies":[{"name":"wp","href":"https:\/\/api.w.org\/{rel}","templated":true}]}}