{"id":8244,"date":"2022-08-11T11:37:08","date_gmt":"2022-08-11T09:37:08","guid":{"rendered":"https:\/\/quebriac.fr\/webcommune\/?p=8244"},"modified":"2023-04-05T10:55:25","modified_gmt":"2023-04-05T08:55:25","slug":"feux-de-foret-interdiction-temporaire-dacces-a-certains-massifs-forestiers","status":"publish","type":"post","link":"https:\/\/quebriac.fr\/webcommune\/?p=8244","title":{"rendered":"Feux de for\u00eat | Interdiction temporaire d\u2019acc\u00e8s \u00e0 certains massifs forestiers"},"content":{"rendered":"<p>Les conditions m\u00e9t\u00e9orologiques actuelles associ\u00e9es\u00a0\u00e0 l\u2019\u00e9tat d\u2019alerte\u00a0de\u00a0s\u00e9cheresse<!--more--> dont le d\u00e9partement est plac\u00e9 depuis le 24 mai dernier g\u00e9n\u00e8rent un risque tr\u00e8s important de feux de for\u00eats dans\u00a090\u00a0communes du d\u00e9partement particuli\u00e8rement expos\u00e9es\u00a0pour cette fin de semaine.<\/p>\n<h3>Les mesures temporaires d&rsquo;interdiction<\/h3>\n<p>\u00c0 compter de ce\u00a0mercredi 10 ao\u00fbt\u00a02022, des mesures\u00a0temporaires\u00a0d\u2019interdiction d\u2019acc\u00e8s et d\u2019usage de mat\u00e9riels ou engins sont mises en place dans\u00a0les bois, for\u00eats et landes des communes d\u00e9finies en annexe\u00a0de l\u2019arr\u00eat\u00e9 pr\u00e9fectoral du 9 ao\u00fbt 2022 :\u00a0<a href=\"https:\/\/www.ille-et-vilaine.gouv.fr\/Actualites\/Espace-presse\/2022\/Feux-de-foret-Interdiction-temporaire-d-acces-a-certains-massifs-forestiers\" target=\"_blank\" rel=\"noopener noreferrer\">+ d&rsquo;INFOS<\/a><\/p>\n<p><img decoding=\"async\" src=\"http:\/\/www.prevention-incendie-foret.com\/wp-content\/uploads\/image-prevention-incendie-cigarette-en-foret-fb.png\" alt=\"Affiches \/ Documents d'information et de sensibilisation \/ Gestion du risque feu de for\u00eat \/ Risques \/ S\u00e9curit\u00e9 et protection de la population \/ Politiques publiques \/ Accueil - Les services de l'\u00c9tat dans le Gard\" \/><\/p>\n","protected":false},"excerpt":{"rendered":"<p>Les conditions m\u00e9t\u00e9orologiques actuelles associ\u00e9es\u00a0\u00e0 l\u2019\u00e9tat d\u2019alerte\u00a0de\u00a0s\u00e9cheresse<\/p>\n<p class=\"continue-reading-button\"> <a class=\"continue-reading-link\" href=\"https:\/\/quebriac.fr\/webcommune\/?p=8244\">La suite&#8230;<i class=\"crycon-right-dir\"><\/i><\/a><\/p>\n","protected":false},"author":2,"featured_media":8245,"comment_status":"closed","ping_status":"closed","sticky":false,"template":"","format":"standard","meta":{"footnotes":""},"categories":[4,13,29],"tags":[],"class_list":["post-8244","post","type-post","status-publish","format-standard","has-post-thumbnail","hentry","category-arrete","category-environnement","category-pouvoirs-publics"],"_links":{"self":[{"href":"https:\/\/quebriac.fr\/webcommune\/index.php?rest_route=\/wp\/v2\/posts\/8244"}],"collection":[{"href":"https:\/\/quebriac.fr\/webcommune\/index.php?rest_route=\/wp\/v2\/posts"}],"about":[{"href":"https:\/\/quebriac.fr\/webcommune\/index.php?rest_route=\/wp\/v2\/types\/post"}],"author":[{"embeddable":true,"href":"https:\/\/quebriac.fr\/webcommune\/index.php?rest_route=\/wp\/v2\/users\/2"}],"replies":[{"embeddable":true,"href":"https:\/\/quebriac.fr\/webcommune\/index.php?rest_route=%2Fwp%2Fv2%2Fcomments&post=8244"}],"version-history":[{"count":1,"href":"https:\/\/quebriac.fr\/webcommune\/index.php?rest_route=\/wp\/v2\/posts\/8244\/revisions"}],"predecessor-version":[{"id":8246,"href":"https:\/\/quebriac.fr\/webcommune\/index.php?rest_route=\/wp\/v2\/posts\/8244\/revisions\/8246"}],"wp:featuredmedia":[{"embeddable":true,"href":"https:\/\/quebriac.fr\/webcommune\/index.php?rest_route=\/wp\/v2\/media\/8245"}],"wp:attachment":[{"href":"https:\/\/quebriac.fr\/webcommune\/index.php?rest_route=%2Fwp%2Fv2%2Fmedia&parent=8244"}],"wp:term":[{"taxonomy":"category","embeddable":true,"href":"https:\/\/quebriac.fr\/webcommune\/index.php?rest_route=%2Fwp%2Fv2%2Fcategories&post=8244"},{"taxonomy":"post_tag","embeddable":true,"href":"https:\/\/quebriac.fr\/webcommune\/index.php?rest_route=%2Fwp%2Fv2%2Ftags&post=8244"}],"curies":[{"name":"wp","href":"https:\/\/api.w.org\/{rel}","templated":true}]}}