{"id":8266,"date":"2022-08-25T15:36:33","date_gmt":"2022-08-25T13:36:33","guid":{"rendered":"https:\/\/quebriac.fr\/webcommune\/?p=8266"},"modified":"2023-04-05T10:54:21","modified_gmt":"2023-04-05T08:54:21","slug":"crise-secheresse-economisons-leau","status":"publish","type":"post","link":"https:\/\/quebriac.fr\/webcommune\/?p=8266","title":{"rendered":"crise S\u00e9cheresse&#8230;.Economisons l&rsquo;Eau"},"content":{"rendered":"<p>Il est demand\u00e9 \u00e0 chaque Br\u00e9tilien de r\u00e9server l&rsquo;eau potable \u00e0 ses besoins essentiels : La boisson, la cuisine et l&rsquo;hygi\u00e8ne.<!--more--><\/p>\n<p>Il imp\u00e9ratif que chaque usager \u00e9conomise l&rsquo;eau afin d&rsquo;\u00e9viter la p\u00e9nurie et les coupures d&rsquo;eau. Plus que jamais, chaque geste compte.<\/p>\n<p><img loading=\"lazy\" decoding=\"async\" class=\"alignnone wp-image-8268 size-full\" src=\"https:\/\/quebriac.fr\/webcommune\/wp-content\/uploads\/2022\/08\/Presse-papier01.jpg\" alt=\"\" width=\"573\" height=\"810\" srcset=\"https:\/\/quebriac.fr\/webcommune\/wp-content\/uploads\/2022\/08\/Presse-papier01.jpg 573w, https:\/\/quebriac.fr\/webcommune\/wp-content\/uploads\/2022\/08\/Presse-papier01-212x300.jpg 212w, https:\/\/quebriac.fr\/webcommune\/wp-content\/uploads\/2022\/08\/Presse-papier01-106x150.jpg 106w\" sizes=\"(max-width: 573px) 100vw, 573px\" \/><\/p>\n","protected":false},"excerpt":{"rendered":"<p>Il est demand\u00e9 \u00e0 chaque Br\u00e9tilien de r\u00e9server l&rsquo;eau potable \u00e0 ses besoins essentiels : La boisson, la cuisine et l&rsquo;hygi\u00e8ne.<\/p>\n<p class=\"continue-reading-button\"> <a class=\"continue-reading-link\" href=\"https:\/\/quebriac.fr\/webcommune\/?p=8266\">La suite&#8230;<i class=\"crycon-right-dir\"><\/i><\/a><\/p>\n","protected":false},"author":2,"featured_media":7674,"comment_status":"closed","ping_status":"closed","sticky":false,"template":"","format":"standard","meta":{"footnotes":""},"categories":[8,29],"tags":[],"class_list":["post-8266","post","type-post","status-publish","format-standard","has-post-thumbnail","hentry","category-bretagne-romantique","category-pouvoirs-publics"],"_links":{"self":[{"href":"https:\/\/quebriac.fr\/webcommune\/index.php?rest_route=\/wp\/v2\/posts\/8266"}],"collection":[{"href":"https:\/\/quebriac.fr\/webcommune\/index.php?rest_route=\/wp\/v2\/posts"}],"about":[{"href":"https:\/\/quebriac.fr\/webcommune\/index.php?rest_route=\/wp\/v2\/types\/post"}],"author":[{"embeddable":true,"href":"https:\/\/quebriac.fr\/webcommune\/index.php?rest_route=\/wp\/v2\/users\/2"}],"replies":[{"embeddable":true,"href":"https:\/\/quebriac.fr\/webcommune\/index.php?rest_route=%2Fwp%2Fv2%2Fcomments&post=8266"}],"version-history":[{"count":2,"href":"https:\/\/quebriac.fr\/webcommune\/index.php?rest_route=\/wp\/v2\/posts\/8266\/revisions"}],"predecessor-version":[{"id":8270,"href":"https:\/\/quebriac.fr\/webcommune\/index.php?rest_route=\/wp\/v2\/posts\/8266\/revisions\/8270"}],"wp:featuredmedia":[{"embeddable":true,"href":"https:\/\/quebriac.fr\/webcommune\/index.php?rest_route=\/wp\/v2\/media\/7674"}],"wp:attachment":[{"href":"https:\/\/quebriac.fr\/webcommune\/index.php?rest_route=%2Fwp%2Fv2%2Fmedia&parent=8266"}],"wp:term":[{"taxonomy":"category","embeddable":true,"href":"https:\/\/quebriac.fr\/webcommune\/index.php?rest_route=%2Fwp%2Fv2%2Fcategories&post=8266"},{"taxonomy":"post_tag","embeddable":true,"href":"https:\/\/quebriac.fr\/webcommune\/index.php?rest_route=%2Fwp%2Fv2%2Ftags&post=8266"}],"curies":[{"name":"wp","href":"https:\/\/api.w.org\/{rel}","templated":true}]}}