{"id":8317,"date":"2022-09-06T16:41:55","date_gmt":"2022-09-06T14:41:55","guid":{"rendered":"https:\/\/quebriac.fr\/webcommune\/?p=8317"},"modified":"2023-04-07T17:55:09","modified_gmt":"2023-04-07T15:55:09","slug":"familles-rurales","status":"publish","type":"post","link":"https:\/\/quebriac.fr\/webcommune\/?p=8317","title":{"rendered":"Familles rurales"},"content":{"rendered":"<p>Conf\u00e9rence pour les parents le jeudi 8 septembre 20h \u00e0 l&rsquo;espace enfance 2 rue de la corderie Tint\u00e9niac<\/p>\n<p><img loading=\"lazy\" decoding=\"async\" class=\"alignnone size-large wp-image-8318\" src=\"https:\/\/quebriac.fr\/webcommune\/wp-content\/uploads\/2022\/09\/Atelier-724x1024.jpg\" alt=\"\" width=\"724\" height=\"1024\" srcset=\"https:\/\/quebriac.fr\/webcommune\/wp-content\/uploads\/2022\/09\/Atelier-724x1024.jpg 724w, https:\/\/quebriac.fr\/webcommune\/wp-content\/uploads\/2022\/09\/Atelier-212x300.jpg 212w, https:\/\/quebriac.fr\/webcommune\/wp-content\/uploads\/2022\/09\/Atelier-768x1087.jpg 768w, https:\/\/quebriac.fr\/webcommune\/wp-content\/uploads\/2022\/09\/Atelier-1086x1536.jpg 1086w, https:\/\/quebriac.fr\/webcommune\/wp-content\/uploads\/2022\/09\/Atelier-106x150.jpg 106w, https:\/\/quebriac.fr\/webcommune\/wp-content\/uploads\/2022\/09\/Atelier.jpg 1200w\" sizes=\"(max-width: 724px) 100vw, 724px\" \/><\/p>\n","protected":false},"excerpt":{"rendered":"<p>Conf\u00e9rence pour les parents le jeudi 8 septembre 20h \u00e0 l&rsquo;espace enfance 2 rue de la corderie Tint\u00e9niac<\/p>\n<p class=\"continue-reading-button\"> <a class=\"continue-reading-link\" href=\"https:\/\/quebriac.fr\/webcommune\/?p=8317\">La suite&#8230;<i class=\"crycon-right-dir\"><\/i><\/a><\/p>\n","protected":false},"author":1,"featured_media":8319,"comment_status":"closed","ping_status":"closed","sticky":false,"template":"","format":"standard","meta":{"footnotes":""},"categories":[14],"tags":[],"class_list":["post-8317","post","type-post","status-publish","format-standard","has-post-thumbnail","hentry","category-evenements-exterieurs"],"_links":{"self":[{"href":"https:\/\/quebriac.fr\/webcommune\/index.php?rest_route=\/wp\/v2\/posts\/8317"}],"collection":[{"href":"https:\/\/quebriac.fr\/webcommune\/index.php?rest_route=\/wp\/v2\/posts"}],"about":[{"href":"https:\/\/quebriac.fr\/webcommune\/index.php?rest_route=\/wp\/v2\/types\/post"}],"author":[{"embeddable":true,"href":"https:\/\/quebriac.fr\/webcommune\/index.php?rest_route=\/wp\/v2\/users\/1"}],"replies":[{"embeddable":true,"href":"https:\/\/quebriac.fr\/webcommune\/index.php?rest_route=%2Fwp%2Fv2%2Fcomments&post=8317"}],"version-history":[{"count":1,"href":"https:\/\/quebriac.fr\/webcommune\/index.php?rest_route=\/wp\/v2\/posts\/8317\/revisions"}],"predecessor-version":[{"id":8320,"href":"https:\/\/quebriac.fr\/webcommune\/index.php?rest_route=\/wp\/v2\/posts\/8317\/revisions\/8320"}],"wp:featuredmedia":[{"embeddable":true,"href":"https:\/\/quebriac.fr\/webcommune\/index.php?rest_route=\/wp\/v2\/media\/8319"}],"wp:attachment":[{"href":"https:\/\/quebriac.fr\/webcommune\/index.php?rest_route=%2Fwp%2Fv2%2Fmedia&parent=8317"}],"wp:term":[{"taxonomy":"category","embeddable":true,"href":"https:\/\/quebriac.fr\/webcommune\/index.php?rest_route=%2Fwp%2Fv2%2Fcategories&post=8317"},{"taxonomy":"post_tag","embeddable":true,"href":"https:\/\/quebriac.fr\/webcommune\/index.php?rest_route=%2Fwp%2Fv2%2Ftags&post=8317"}],"curies":[{"name":"wp","href":"https:\/\/api.w.org\/{rel}","templated":true}]}}