{"id":8402,"date":"2022-09-14T17:38:31","date_gmt":"2022-09-14T15:38:31","guid":{"rendered":"https:\/\/quebriac.fr\/webcommune\/?p=8402"},"modified":"2023-04-07T17:54:00","modified_gmt":"2023-04-07T15:54:00","slug":"familles-rurales-2","status":"publish","type":"post","link":"https:\/\/quebriac.fr\/webcommune\/?p=8402","title":{"rendered":"Familles rurales"},"content":{"rendered":"<div class=\"\" dir=\"auto\">\n<div id=\"jsc_c_av\" class=\"d2hqwtrz r227ecj6 ez8dtbzv gt60zsk1\" data-ad-comet-preview=\"message\" data-ad-preview=\"message\">\n<div class=\"alzwoclg cqf1kptm siwo0mpr gu5uzgus\">\n<div class=\"jroqu855 nthtkgg5\">\n<div class=\"m8h3af8h l7ghb35v kjdc1dyq kmwttqpk gh25dzvf n3t5jt4f\">\n<div dir=\"auto\">\ud835\udc77\ud835\udc93\ud835\udc90\ud835\udc8b\ud835\udc86\ud835\udc95 \ud835\udc68\ud835\udc95\ud835\udc86\ud835\udc8d\ud835\udc8a\ud835\udc86\ud835\udc93\ud835\udc94 \u00ab\u00a0\ud835\udc6c\ud835\udc8f \ud835\udc6d\ud835\udc82\ud835\udc8e\ud835\udc8a\ud835\udc8d\ud835\udc8d\ud835\udc86\u00a0\u00bb 2022-2023<\/div>\n<div dir=\"auto\">Apr\u00e8s le retour positif des ateliers \u00ab\u00a0en famille\u00a0\u00bb des ann\u00e9es pr\u00e9c\u00e9dentes, l&rsquo;association a d\u00e9cid\u00e9 de continuer ces ateliers mais aussi de vous proposer de nouvelles activit\u00e9s et temps de partage.<\/div>\n<div dir=\"auto\">Ce questionnaire, qui durera environ 6 \u00e0 8 minutes, nous permettra de r\u00e9pondre au mieux \u00e0 vos attentes, vos besoins, vos envies\u2026<\/div>\n<div dir=\"auto\">Vous pouvez r\u00e9pondre \u00e0 notre questionnaire jusqu&rsquo;au 21 septembre.<\/div>\n<div dir=\"auto\">acc\u00e9der au questionnaire : <a class=\"qi72231t nu7423ey n3hqoq4p r86q59rh b3qcqh3k fq87ekyn bdao358l fsf7x5fv rse6dlih s5oniofx m8h3af8h l7ghb35v kjdc1dyq kmwttqpk srn514ro oxkhqvkx rl78xhln nch0832m cr00lzj9 rn8ck1ys s3jn8y49 icdlwmnq cxfqmxzd ezidihy3\" tabindex=\"0\" role=\"link\" href=\"https:\/\/forms.gle\/Rg1cjU7vjV2n9eX8A?fbclid=IwAR1quxBDIsond8PELXnN9xWD-VdZeBgez5O-alEFGf9qUoaZTxV0uTvEr6A\" target=\"_blank\" rel=\"nofollow noopener noreferrer\">https:\/\/forms.gle\/Rg1cjU7vjV2n9eX8A<\/a><\/div>\n<div dir=\"auto\"><img loading=\"lazy\" decoding=\"async\" class=\"wp-image-8403 size-medium alignleft\" src=\"https:\/\/quebriac.fr\/webcommune\/wp-content\/uploads\/2022\/09\/qrcode_docs.google.com-2-300x300.png\" alt=\"\" width=\"300\" height=\"300\" srcset=\"https:\/\/quebriac.fr\/webcommune\/wp-content\/uploads\/2022\/09\/qrcode_docs.google.com-2-300x300.png 300w, https:\/\/quebriac.fr\/webcommune\/wp-content\/uploads\/2022\/09\/qrcode_docs.google.com-2-150x150.png 150w, https:\/\/quebriac.fr\/webcommune\/wp-content\/uploads\/2022\/09\/qrcode_docs.google.com-2.png 530w\" sizes=\"(max-width: 300px) 100vw, 300px\" \/><\/div>\n<p><img loading=\"lazy\" decoding=\"async\" class=\"alignnone size-full wp-image-8404\" src=\"https:\/\/quebriac.fr\/webcommune\/wp-content\/uploads\/2022\/09\/index.png\" alt=\"\" width=\"305\" height=\"134\" srcset=\"https:\/\/quebriac.fr\/webcommune\/wp-content\/uploads\/2022\/09\/index.png 305w, https:\/\/quebriac.fr\/webcommune\/wp-content\/uploads\/2022\/09\/index-300x132.png 300w, https:\/\/quebriac.fr\/webcommune\/wp-content\/uploads\/2022\/09\/index-150x66.png 150w\" sizes=\"(max-width: 305px) 100vw, 305px\" \/><\/p>\n<\/div>\n<\/div>\n<\/div>\n<\/div>\n<\/div>\n","protected":false},"excerpt":{"rendered":"<p>\ud835\udc77\ud835\udc93\ud835\udc90\ud835\udc8b\ud835\udc86\ud835\udc95 \ud835\udc68\ud835\udc95\ud835\udc86\ud835\udc8d\ud835\udc8a\ud835\udc86\ud835\udc93\ud835\udc94 \u00ab\u00a0\ud835\udc6c\ud835\udc8f \ud835\udc6d\ud835\udc82\ud835\udc8e\ud835\udc8a\ud835\udc8d\ud835\udc8d\ud835\udc86\u00a0\u00bb 2022-2023 Apr\u00e8s le retour positif des ateliers \u00ab\u00a0en famille\u00a0\u00bb des ann\u00e9es pr\u00e9c\u00e9dentes, l&rsquo;association a d\u00e9cid\u00e9 de continuer ces ateliers mais aussi de vous proposer de nouvelles\u2026<\/p>\n<p class=\"continue-reading-button\"> <a class=\"continue-reading-link\" href=\"https:\/\/quebriac.fr\/webcommune\/?p=8402\">La suite&#8230;<i class=\"crycon-right-dir\"><\/i><\/a><\/p>\n","protected":false},"author":1,"featured_media":8319,"comment_status":"closed","ping_status":"closed","sticky":false,"template":"","format":"standard","meta":{"footnotes":""},"categories":[30,34],"tags":[],"class_list":["post-8402","post","type-post","status-publish","format-standard","has-post-thumbnail","hentry","category-jeunesse-enfance","category-services-publics"],"_links":{"self":[{"href":"https:\/\/quebriac.fr\/webcommune\/index.php?rest_route=\/wp\/v2\/posts\/8402"}],"collection":[{"href":"https:\/\/quebriac.fr\/webcommune\/index.php?rest_route=\/wp\/v2\/posts"}],"about":[{"href":"https:\/\/quebriac.fr\/webcommune\/index.php?rest_route=\/wp\/v2\/types\/post"}],"author":[{"embeddable":true,"href":"https:\/\/quebriac.fr\/webcommune\/index.php?rest_route=\/wp\/v2\/users\/1"}],"replies":[{"embeddable":true,"href":"https:\/\/quebriac.fr\/webcommune\/index.php?rest_route=%2Fwp%2Fv2%2Fcomments&post=8402"}],"version-history":[{"count":1,"href":"https:\/\/quebriac.fr\/webcommune\/index.php?rest_route=\/wp\/v2\/posts\/8402\/revisions"}],"predecessor-version":[{"id":8405,"href":"https:\/\/quebriac.fr\/webcommune\/index.php?rest_route=\/wp\/v2\/posts\/8402\/revisions\/8405"}],"wp:featuredmedia":[{"embeddable":true,"href":"https:\/\/quebriac.fr\/webcommune\/index.php?rest_route=\/wp\/v2\/media\/8319"}],"wp:attachment":[{"href":"https:\/\/quebriac.fr\/webcommune\/index.php?rest_route=%2Fwp%2Fv2%2Fmedia&parent=8402"}],"wp:term":[{"taxonomy":"category","embeddable":true,"href":"https:\/\/quebriac.fr\/webcommune\/index.php?rest_route=%2Fwp%2Fv2%2Fcategories&post=8402"},{"taxonomy":"post_tag","embeddable":true,"href":"https:\/\/quebriac.fr\/webcommune\/index.php?rest_route=%2Fwp%2Fv2%2Ftags&post=8402"}],"curies":[{"name":"wp","href":"https:\/\/api.w.org\/{rel}","templated":true}]}}