{"id":8540,"date":"2022-10-27T12:10:15","date_gmt":"2022-10-27T10:10:15","guid":{"rendered":"https:\/\/quebriac.fr\/webcommune\/?p=8540"},"modified":"2022-10-27T12:18:35","modified_gmt":"2022-10-27T10:18:35","slug":"notification-de-larrete-prefectoral-secheresse-du-20-octobre-2022-alerte-renforcee","status":"publish","type":"post","link":"https:\/\/quebriac.fr\/webcommune\/?p=8540","title":{"rendered":"Notification de l&rsquo;arr\u00eat\u00e9 pr\u00e9fectoral \u00a0\u00bb s\u00e9cheresse \u00a0\u00bb du 20 octobre 2022 : Alerte Renforc\u00e9e"},"content":{"rendered":"<p>Veuillez trouver ci-joint le nouvel arr\u00eat\u00e9 s\u00e9cheresse pris le 20 octobre 2022 par monsieur le Pr\u00e9fet d&rsquo;Ille-et-Vilaine.<!--more--><br \/>\nVoici le lien INTERNET vous permettant d&rsquo;acc\u00e9der au communiqu\u00e9 de presse s&rsquo;y rapportant : <a href=\"https:\/\/www.ille-et-vilaine.gouv.fr\/Actualites\/Espace-presse\/2022\/Secheresse-Le-departement-maintient-un-niveau-d-alerte-renforcee\" target=\"_blank\" rel=\"noopener noreferrer\">https:\/\/www.ille-et-vilaine.gouv.fr\/Actualites<\/a><br \/>\nL&rsquo;arr\u00eat\u00e9 pr\u00e9fectoral est t\u00e9l\u00e9chargeable ici : <a href=\"https:\/\/www.ille-et-vilaine.gouv.fr\/content\/download\/60537\/407564\/file\/AP%20s%C3%A9cheresse%20Ille-et-Vilaine_221020.pdf\" target=\"_blank\" rel=\"noopener noreferrer\">https:\/\/www.ille-et-vilaine.gouv.fr<\/a><\/p>\n<p><a href=\"http:\/\/sigthema35.alwaysdata.net\/\" target=\"_blank\" rel=\"noopener noreferrer\">+ d&rsquo;INFOS- les restrictions<\/a><\/p>\n<p>Vous noterez que la totalit\u00e9 du d\u00e9partement est d\u00e9sormais class\u00e9e en situation d&rsquo;alerte renforc\u00e9e.<\/p>\n<p><img decoding=\"async\" src=\"https:\/\/www.ille-et-vilaine.gouv.fr\/var\/ezwebin_site\/storage\/images\/actualites\/espace-presse\/2022\/secheresse-le-departement-maintient-un-niveau-d-alerte-renforcee\/407530-2-fre-FR\/Secheresse-Le-departement-maintient-un-niveau-d-alerte-renforcee_large.jpg\" alt=\"S\u00e9cheresse | Le d\u00e9partement maintient un niveau \u00ab\u00a0d\u2019alerte renforc\u00e9e\u00a0\u00bb\" \/><\/p>\n","protected":false},"excerpt":{"rendered":"<p>Veuillez trouver ci-joint le nouvel arr\u00eat\u00e9 s\u00e9cheresse pris le 20 octobre 2022 par monsieur le Pr\u00e9fet d&rsquo;Ille-et-Vilaine.<\/p>\n<p class=\"continue-reading-button\"> <a class=\"continue-reading-link\" href=\"https:\/\/quebriac.fr\/webcommune\/?p=8540\">La suite&#8230;<i class=\"crycon-right-dir\"><\/i><\/a><\/p>\n","protected":false},"author":2,"featured_media":1164,"comment_status":"closed","ping_status":"closed","sticky":false,"template":"","format":"standard","meta":{"footnotes":""},"categories":[13],"tags":[],"class_list":["post-8540","post","type-post","status-publish","format-standard","has-post-thumbnail","hentry","category-environnement"],"_links":{"self":[{"href":"https:\/\/quebriac.fr\/webcommune\/index.php?rest_route=\/wp\/v2\/posts\/8540"}],"collection":[{"href":"https:\/\/quebriac.fr\/webcommune\/index.php?rest_route=\/wp\/v2\/posts"}],"about":[{"href":"https:\/\/quebriac.fr\/webcommune\/index.php?rest_route=\/wp\/v2\/types\/post"}],"author":[{"embeddable":true,"href":"https:\/\/quebriac.fr\/webcommune\/index.php?rest_route=\/wp\/v2\/users\/2"}],"replies":[{"embeddable":true,"href":"https:\/\/quebriac.fr\/webcommune\/index.php?rest_route=%2Fwp%2Fv2%2Fcomments&post=8540"}],"version-history":[{"count":5,"href":"https:\/\/quebriac.fr\/webcommune\/index.php?rest_route=\/wp\/v2\/posts\/8540\/revisions"}],"predecessor-version":[{"id":8545,"href":"https:\/\/quebriac.fr\/webcommune\/index.php?rest_route=\/wp\/v2\/posts\/8540\/revisions\/8545"}],"wp:featuredmedia":[{"embeddable":true,"href":"https:\/\/quebriac.fr\/webcommune\/index.php?rest_route=\/wp\/v2\/media\/1164"}],"wp:attachment":[{"href":"https:\/\/quebriac.fr\/webcommune\/index.php?rest_route=%2Fwp%2Fv2%2Fmedia&parent=8540"}],"wp:term":[{"taxonomy":"category","embeddable":true,"href":"https:\/\/quebriac.fr\/webcommune\/index.php?rest_route=%2Fwp%2Fv2%2Fcategories&post=8540"},{"taxonomy":"post_tag","embeddable":true,"href":"https:\/\/quebriac.fr\/webcommune\/index.php?rest_route=%2Fwp%2Fv2%2Ftags&post=8540"}],"curies":[{"name":"wp","href":"https:\/\/api.w.org\/{rel}","templated":true}]}}