{"id":8777,"date":"2022-12-02T17:45:58","date_gmt":"2022-12-02T15:45:58","guid":{"rendered":"https:\/\/quebriac.fr\/webcommune\/?p=8777"},"modified":"2023-04-05T10:52:18","modified_gmt":"2023-04-05T08:52:18","slug":"mesures-de-lutte-contre-linfluenza-aviaire","status":"publish","type":"post","link":"https:\/\/quebriac.fr\/webcommune\/?p=8777","title":{"rendered":"Mesures de lutte contre l&rsquo;influenza aviaire&#8230;."},"content":{"rendered":"<p>URGENCE SIGNAL\u00c9E \/\/ Nouvel Arr\u00eat\u00e9 Pr\u00e9fectoral de zone de contr\u00f4le temporaire \u00e9largie li\u00e9e \u00e0 la faune sauvage infect\u00e9e d&rsquo;IAHP<!--more--><\/p>\n<p>Nous vous prions de bien vouloir trouver ci-joint l&rsquo; arr\u00eat\u00e9 pr\u00e9fectoral n\u00b02022-IA-26-3 d\u00e9terminant une zone de contr\u00f4le temporaire en Ille-et-Vilaine dans le cadre des mesures de lutte contre l&rsquo;influenza aviaire hautement pathog\u00e8ne (IAHP).<\/p>\n<p>Ce nouvel arr\u00eat\u00e9 abroge l&rsquo;arr\u00eat\u00e9 n\u00b0 2022-IA-26-2 du 24\/11\/2022.<\/p>\n<p><a href=\"https:\/\/quebriac.fr\/webcommune\/wp-content\/uploads\/2022\/12\/2022_11_24_AP_zone_controle_faune_sauvage_IAHP.pdf\" target=\"_blank\" rel=\"noopener noreferrer\">\u21d2 2022_11_24_AP_zone_controle_faune_sauvage_IAHP<\/a><\/p>\n<p><img loading=\"lazy\" decoding=\"async\" class=\"alignnone size-full wp-image-8779\" src=\"https:\/\/quebriac.fr\/webcommune\/wp-content\/uploads\/2022\/12\/Influenza-aviaire-.jpg\" alt=\"\" width=\"287\" height=\"188\" srcset=\"https:\/\/quebriac.fr\/webcommune\/wp-content\/uploads\/2022\/12\/Influenza-aviaire-.jpg 287w, https:\/\/quebriac.fr\/webcommune\/wp-content\/uploads\/2022\/12\/Influenza-aviaire--150x98.jpg 150w\" sizes=\"(max-width: 287px) 100vw, 287px\" \/><\/p>\n<p>&nbsp;<\/p>\n","protected":false},"excerpt":{"rendered":"<p>URGENCE SIGNAL\u00c9E \/\/ Nouvel Arr\u00eat\u00e9 Pr\u00e9fectoral de zone de contr\u00f4le temporaire \u00e9largie li\u00e9e \u00e0 la faune sauvage infect\u00e9e d&rsquo;IAHP<\/p>\n<p class=\"continue-reading-button\"> <a class=\"continue-reading-link\" href=\"https:\/\/quebriac.fr\/webcommune\/?p=8777\">La suite&#8230;<i class=\"crycon-right-dir\"><\/i><\/a><\/p>\n","protected":false},"author":2,"featured_media":1164,"comment_status":"closed","ping_status":"closed","sticky":false,"template":"","format":"standard","meta":{"footnotes":""},"categories":[4,29],"tags":[],"class_list":["post-8777","post","type-post","status-publish","format-standard","has-post-thumbnail","hentry","category-arrete","category-pouvoirs-publics"],"_links":{"self":[{"href":"https:\/\/quebriac.fr\/webcommune\/index.php?rest_route=\/wp\/v2\/posts\/8777"}],"collection":[{"href":"https:\/\/quebriac.fr\/webcommune\/index.php?rest_route=\/wp\/v2\/posts"}],"about":[{"href":"https:\/\/quebriac.fr\/webcommune\/index.php?rest_route=\/wp\/v2\/types\/post"}],"author":[{"embeddable":true,"href":"https:\/\/quebriac.fr\/webcommune\/index.php?rest_route=\/wp\/v2\/users\/2"}],"replies":[{"embeddable":true,"href":"https:\/\/quebriac.fr\/webcommune\/index.php?rest_route=%2Fwp%2Fv2%2Fcomments&post=8777"}],"version-history":[{"count":1,"href":"https:\/\/quebriac.fr\/webcommune\/index.php?rest_route=\/wp\/v2\/posts\/8777\/revisions"}],"predecessor-version":[{"id":8780,"href":"https:\/\/quebriac.fr\/webcommune\/index.php?rest_route=\/wp\/v2\/posts\/8777\/revisions\/8780"}],"wp:featuredmedia":[{"embeddable":true,"href":"https:\/\/quebriac.fr\/webcommune\/index.php?rest_route=\/wp\/v2\/media\/1164"}],"wp:attachment":[{"href":"https:\/\/quebriac.fr\/webcommune\/index.php?rest_route=%2Fwp%2Fv2%2Fmedia&parent=8777"}],"wp:term":[{"taxonomy":"category","embeddable":true,"href":"https:\/\/quebriac.fr\/webcommune\/index.php?rest_route=%2Fwp%2Fv2%2Fcategories&post=8777"},{"taxonomy":"post_tag","embeddable":true,"href":"https:\/\/quebriac.fr\/webcommune\/index.php?rest_route=%2Fwp%2Fv2%2Ftags&post=8777"}],"curies":[{"name":"wp","href":"https:\/\/api.w.org\/{rel}","templated":true}]}}