{"id":8823,"date":"2022-12-07T10:33:29","date_gmt":"2022-12-07T08:33:29","guid":{"rendered":"https:\/\/quebriac.fr\/webcommune\/?p=8823"},"modified":"2022-12-07T10:34:12","modified_gmt":"2022-12-07T08:34:12","slug":"marche-de-noel-et-creche","status":"publish","type":"post","link":"https:\/\/quebriac.fr\/webcommune\/?p=8823","title":{"rendered":"March\u00e9 de No\u00ebl et cr\u00e8che"},"content":{"rendered":"<p>Samedi 10 d\u00e9cembre de 18h \u00e0 22h March\u00e9 de No\u00ebl sur la place de la mairie et illumination de la cr\u00e8che.<\/p>\n<p>La cr\u00e8che sera illumin\u00e9e du 10 d\u00e9cembre au 3 janvier.<\/p>\n<p>En semaine de 17h30 \u00e0 20h, le week-end de 17h30 \u00e0 22h et toute la nuit les 24 et 31 d\u00e9cembre.<\/p>\n<p><img loading=\"lazy\" decoding=\"async\" class=\"alignleft wp-image-8824\" src=\"https:\/\/quebriac.fr\/webcommune\/wp-content\/uploads\/2022\/12\/DSC_0336.jpg\" alt=\"\" width=\"330\" height=\"219\" srcset=\"https:\/\/quebriac.fr\/webcommune\/wp-content\/uploads\/2022\/12\/DSC_0336.jpg 800w, https:\/\/quebriac.fr\/webcommune\/wp-content\/uploads\/2022\/12\/DSC_0336-300x200.jpg 300w, https:\/\/quebriac.fr\/webcommune\/wp-content\/uploads\/2022\/12\/DSC_0336-768x511.jpg 768w, https:\/\/quebriac.fr\/webcommune\/wp-content\/uploads\/2022\/12\/DSC_0336-150x100.jpg 150w, https:\/\/quebriac.fr\/webcommune\/wp-content\/uploads\/2022\/12\/DSC_0336-272x182.jpg 272w\" sizes=\"(max-width: 330px) 100vw, 330px\" \/><img loading=\"lazy\" decoding=\"async\" class=\"alignright wp-image-8825\" src=\"https:\/\/quebriac.fr\/webcommune\/wp-content\/uploads\/2022\/12\/DSC_0339.jpg\" alt=\"\" width=\"330\" height=\"219\" srcset=\"https:\/\/quebriac.fr\/webcommune\/wp-content\/uploads\/2022\/12\/DSC_0339.jpg 800w, https:\/\/quebriac.fr\/webcommune\/wp-content\/uploads\/2022\/12\/DSC_0339-300x200.jpg 300w, https:\/\/quebriac.fr\/webcommune\/wp-content\/uploads\/2022\/12\/DSC_0339-768x511.jpg 768w, https:\/\/quebriac.fr\/webcommune\/wp-content\/uploads\/2022\/12\/DSC_0339-150x100.jpg 150w, https:\/\/quebriac.fr\/webcommune\/wp-content\/uploads\/2022\/12\/DSC_0339-272x182.jpg 272w\" sizes=\"(max-width: 330px) 100vw, 330px\" \/><\/p>\n<p><img loading=\"lazy\" decoding=\"async\" class=\"wp-image-8826 alignleft\" src=\"https:\/\/quebriac.fr\/webcommune\/wp-content\/uploads\/2022\/12\/DSC_0328-681x1024.jpg\" alt=\"\" width=\"330\" height=\"496\" srcset=\"https:\/\/quebriac.fr\/webcommune\/wp-content\/uploads\/2022\/12\/DSC_0328-681x1024.jpg 681w, https:\/\/quebriac.fr\/webcommune\/wp-content\/uploads\/2022\/12\/DSC_0328-200x300.jpg 200w, https:\/\/quebriac.fr\/webcommune\/wp-content\/uploads\/2022\/12\/DSC_0328-768x1155.jpg 768w, https:\/\/quebriac.fr\/webcommune\/wp-content\/uploads\/2022\/12\/DSC_0328-100x150.jpg 100w, https:\/\/quebriac.fr\/webcommune\/wp-content\/uploads\/2022\/12\/DSC_0328.jpg 800w\" sizes=\"(max-width: 330px) 100vw, 330px\" \/><img loading=\"lazy\" decoding=\"async\" class=\"wp-image-8827 alignright\" src=\"https:\/\/quebriac.fr\/webcommune\/wp-content\/uploads\/2022\/12\/DSC_0340-681x1024.jpg\" alt=\"\" width=\"330\" height=\"496\" srcset=\"https:\/\/quebriac.fr\/webcommune\/wp-content\/uploads\/2022\/12\/DSC_0340-681x1024.jpg 681w, https:\/\/quebriac.fr\/webcommune\/wp-content\/uploads\/2022\/12\/DSC_0340-200x300.jpg 200w, https:\/\/quebriac.fr\/webcommune\/wp-content\/uploads\/2022\/12\/DSC_0340-768x1155.jpg 768w, https:\/\/quebriac.fr\/webcommune\/wp-content\/uploads\/2022\/12\/DSC_0340-100x150.jpg 100w, https:\/\/quebriac.fr\/webcommune\/wp-content\/uploads\/2022\/12\/DSC_0340.jpg 800w\" sizes=\"(max-width: 330px) 100vw, 330px\" \/><br \/>\n<img loading=\"lazy\" decoding=\"async\" class=\"alignnone size-large wp-image-8762\" src=\"https:\/\/quebriac.fr\/webcommune\/wp-content\/uploads\/2022\/11\/noel-724x1024.jpg\" alt=\"\" width=\"724\" height=\"1024\" srcset=\"https:\/\/quebriac.fr\/webcommune\/wp-content\/uploads\/2022\/11\/noel-724x1024.jpg 724w, https:\/\/quebriac.fr\/webcommune\/wp-content\/uploads\/2022\/11\/noel-212x300.jpg 212w, https:\/\/quebriac.fr\/webcommune\/wp-content\/uploads\/2022\/11\/noel-768x1087.jpg 768w, https:\/\/quebriac.fr\/webcommune\/wp-content\/uploads\/2022\/11\/noel-106x150.jpg 106w, https:\/\/quebriac.fr\/webcommune\/wp-content\/uploads\/2022\/11\/noel.jpg 1000w\" sizes=\"(max-width: 724px) 100vw, 724px\" \/><\/p>\n","protected":false},"excerpt":{"rendered":"<p>Samedi 10 d\u00e9cembre de 18h \u00e0 22h March\u00e9 de No\u00ebl sur la place de la mairie et illumination de la cr\u00e8che. La cr\u00e8che sera illumin\u00e9e du 10 d\u00e9cembre au 3\u2026<\/p>\n<p class=\"continue-reading-button\"> <a class=\"continue-reading-link\" href=\"https:\/\/quebriac.fr\/webcommune\/?p=8823\">La suite&#8230;<i class=\"crycon-right-dir\"><\/i><\/a><\/p>\n","protected":false},"author":1,"featured_media":8764,"comment_status":"closed","ping_status":"closed","sticky":false,"template":"","format":"standard","meta":{"footnotes":""},"categories":[16],"tags":[],"class_list":["post-8823","post","type-post","status-publish","format-standard","has-post-thumbnail","hentry","category-la-vie-communale"],"_links":{"self":[{"href":"https:\/\/quebriac.fr\/webcommune\/index.php?rest_route=\/wp\/v2\/posts\/8823"}],"collection":[{"href":"https:\/\/quebriac.fr\/webcommune\/index.php?rest_route=\/wp\/v2\/posts"}],"about":[{"href":"https:\/\/quebriac.fr\/webcommune\/index.php?rest_route=\/wp\/v2\/types\/post"}],"author":[{"embeddable":true,"href":"https:\/\/quebriac.fr\/webcommune\/index.php?rest_route=\/wp\/v2\/users\/1"}],"replies":[{"embeddable":true,"href":"https:\/\/quebriac.fr\/webcommune\/index.php?rest_route=%2Fwp%2Fv2%2Fcomments&post=8823"}],"version-history":[{"count":2,"href":"https:\/\/quebriac.fr\/webcommune\/index.php?rest_route=\/wp\/v2\/posts\/8823\/revisions"}],"predecessor-version":[{"id":8829,"href":"https:\/\/quebriac.fr\/webcommune\/index.php?rest_route=\/wp\/v2\/posts\/8823\/revisions\/8829"}],"wp:featuredmedia":[{"embeddable":true,"href":"https:\/\/quebriac.fr\/webcommune\/index.php?rest_route=\/wp\/v2\/media\/8764"}],"wp:attachment":[{"href":"https:\/\/quebriac.fr\/webcommune\/index.php?rest_route=%2Fwp%2Fv2%2Fmedia&parent=8823"}],"wp:term":[{"taxonomy":"category","embeddable":true,"href":"https:\/\/quebriac.fr\/webcommune\/index.php?rest_route=%2Fwp%2Fv2%2Fcategories&post=8823"},{"taxonomy":"post_tag","embeddable":true,"href":"https:\/\/quebriac.fr\/webcommune\/index.php?rest_route=%2Fwp%2Fv2%2Ftags&post=8823"}],"curies":[{"name":"wp","href":"https:\/\/api.w.org\/{rel}","templated":true}]}}