{"id":8905,"date":"2023-01-10T12:46:27","date_gmt":"2023-01-10T10:46:27","guid":{"rendered":"https:\/\/quebriac.fr\/webcommune\/?p=8905"},"modified":"2023-01-10T12:47:40","modified_gmt":"2023-01-10T10:47:40","slug":"defi-alimentation-de-la-bretagne-romantique","status":"publish","type":"post","link":"https:\/\/quebriac.fr\/webcommune\/?p=8905","title":{"rendered":"D\u00e9fi Alimentation de la Bretagne romantique"},"content":{"rendered":"<p>La Communaut\u00e9 de communes lance son deuxi\u00e8me D\u00e9fi Alimentation <!--more-->pour accompagner ses habitants dans l&rsquo;\u00e9volution de leurs habitudes de consommation, pour tendre vers une consommation saine et locale.<\/p>\n<p><img decoding=\"async\" src=\"https:\/\/bretagneromantique.fr\/wp-content\/uploads\/2022\/12\/Defi-alimentation-Bretagne-romantique-2023-RSN-salade-700x366.png\" \/><\/p>\n<p>&nbsp;<\/p>\n<p><a href=\"https:\/\/bretagneromantique.fr\/defi-alimentation-de-la-bretagne-romantique\/\" target=\"_blank\" rel=\"noopener noreferrer\">+ d&rsquo;INFOS<\/a><\/p>\n","protected":false},"excerpt":{"rendered":"<p>La Communaut\u00e9 de communes lance son deuxi\u00e8me D\u00e9fi Alimentation<\/p>\n<p class=\"continue-reading-button\"> <a class=\"continue-reading-link\" href=\"https:\/\/quebriac.fr\/webcommune\/?p=8905\">La suite&#8230;<i class=\"crycon-right-dir\"><\/i><\/a><\/p>\n","protected":false},"author":2,"featured_media":7674,"comment_status":"closed","ping_status":"closed","sticky":false,"template":"","format":"standard","meta":{"footnotes":""},"categories":[8,13,27],"tags":[],"class_list":["post-8905","post","type-post","status-publish","format-standard","has-post-thumbnail","hentry","category-bretagne-romantique","category-environnement","category-sante"],"_links":{"self":[{"href":"https:\/\/quebriac.fr\/webcommune\/index.php?rest_route=\/wp\/v2\/posts\/8905"}],"collection":[{"href":"https:\/\/quebriac.fr\/webcommune\/index.php?rest_route=\/wp\/v2\/posts"}],"about":[{"href":"https:\/\/quebriac.fr\/webcommune\/index.php?rest_route=\/wp\/v2\/types\/post"}],"author":[{"embeddable":true,"href":"https:\/\/quebriac.fr\/webcommune\/index.php?rest_route=\/wp\/v2\/users\/2"}],"replies":[{"embeddable":true,"href":"https:\/\/quebriac.fr\/webcommune\/index.php?rest_route=%2Fwp%2Fv2%2Fcomments&post=8905"}],"version-history":[{"count":1,"href":"https:\/\/quebriac.fr\/webcommune\/index.php?rest_route=\/wp\/v2\/posts\/8905\/revisions"}],"predecessor-version":[{"id":8906,"href":"https:\/\/quebriac.fr\/webcommune\/index.php?rest_route=\/wp\/v2\/posts\/8905\/revisions\/8906"}],"wp:featuredmedia":[{"embeddable":true,"href":"https:\/\/quebriac.fr\/webcommune\/index.php?rest_route=\/wp\/v2\/media\/7674"}],"wp:attachment":[{"href":"https:\/\/quebriac.fr\/webcommune\/index.php?rest_route=%2Fwp%2Fv2%2Fmedia&parent=8905"}],"wp:term":[{"taxonomy":"category","embeddable":true,"href":"https:\/\/quebriac.fr\/webcommune\/index.php?rest_route=%2Fwp%2Fv2%2Fcategories&post=8905"},{"taxonomy":"post_tag","embeddable":true,"href":"https:\/\/quebriac.fr\/webcommune\/index.php?rest_route=%2Fwp%2Fv2%2Ftags&post=8905"}],"curies":[{"name":"wp","href":"https:\/\/api.w.org\/{rel}","templated":true}]}}