{"id":8908,"date":"2023-01-10T16:18:32","date_gmt":"2023-01-10T14:18:32","guid":{"rendered":"https:\/\/quebriac.fr\/webcommune\/?p=8908"},"modified":"2023-01-10T16:18:32","modified_gmt":"2023-01-10T14:18:32","slug":"fest-noz","status":"publish","type":"post","link":"https:\/\/quebriac.fr\/webcommune\/?p=8908","title":{"rendered":"FEST NOZ"},"content":{"rendered":"<p>FEST NOZ du Cercle Ille et Rance de Qu\u00e9briac le samedi 11 f\u00e9vrier \u00e0 l&rsquo;Espace Culturel du Grand Clos Saint-Domineuc<\/p>\n<p><img loading=\"lazy\" decoding=\"async\" class=\"alignnone size-large wp-image-8909\" src=\"https:\/\/quebriac.fr\/webcommune\/wp-content\/uploads\/2023\/01\/festnoz-724x1024.jpg\" alt=\"\" width=\"724\" height=\"1024\" srcset=\"https:\/\/quebriac.fr\/webcommune\/wp-content\/uploads\/2023\/01\/festnoz-724x1024.jpg 724w, https:\/\/quebriac.fr\/webcommune\/wp-content\/uploads\/2023\/01\/festnoz-212x300.jpg 212w, https:\/\/quebriac.fr\/webcommune\/wp-content\/uploads\/2023\/01\/festnoz-768x1086.jpg 768w, https:\/\/quebriac.fr\/webcommune\/wp-content\/uploads\/2023\/01\/festnoz-1086x1536.jpg 1086w, https:\/\/quebriac.fr\/webcommune\/wp-content\/uploads\/2023\/01\/festnoz-106x150.jpg 106w, https:\/\/quebriac.fr\/webcommune\/wp-content\/uploads\/2023\/01\/festnoz.jpg 1200w\" sizes=\"(max-width: 724px) 100vw, 724px\" \/><\/p>\n","protected":false},"excerpt":{"rendered":"<p>FEST NOZ du Cercle Ille et Rance de Qu\u00e9briac le samedi 11 f\u00e9vrier \u00e0 l&rsquo;Espace Culturel du Grand Clos Saint-Domineuc<\/p>\n<p class=\"continue-reading-button\"> <a class=\"continue-reading-link\" href=\"https:\/\/quebriac.fr\/webcommune\/?p=8908\">La suite&#8230;<i class=\"crycon-right-dir\"><\/i><\/a><\/p>\n","protected":false},"author":1,"featured_media":0,"comment_status":"closed","ping_status":"closed","sticky":false,"template":"","format":"standard","meta":{"footnotes":""},"categories":[6],"tags":[],"class_list":["post-8908","post","type-post","status-publish","format-standard","hentry","category-association"],"_links":{"self":[{"href":"https:\/\/quebriac.fr\/webcommune\/index.php?rest_route=\/wp\/v2\/posts\/8908"}],"collection":[{"href":"https:\/\/quebriac.fr\/webcommune\/index.php?rest_route=\/wp\/v2\/posts"}],"about":[{"href":"https:\/\/quebriac.fr\/webcommune\/index.php?rest_route=\/wp\/v2\/types\/post"}],"author":[{"embeddable":true,"href":"https:\/\/quebriac.fr\/webcommune\/index.php?rest_route=\/wp\/v2\/users\/1"}],"replies":[{"embeddable":true,"href":"https:\/\/quebriac.fr\/webcommune\/index.php?rest_route=%2Fwp%2Fv2%2Fcomments&post=8908"}],"version-history":[{"count":1,"href":"https:\/\/quebriac.fr\/webcommune\/index.php?rest_route=\/wp\/v2\/posts\/8908\/revisions"}],"predecessor-version":[{"id":8910,"href":"https:\/\/quebriac.fr\/webcommune\/index.php?rest_route=\/wp\/v2\/posts\/8908\/revisions\/8910"}],"wp:attachment":[{"href":"https:\/\/quebriac.fr\/webcommune\/index.php?rest_route=%2Fwp%2Fv2%2Fmedia&parent=8908"}],"wp:term":[{"taxonomy":"category","embeddable":true,"href":"https:\/\/quebriac.fr\/webcommune\/index.php?rest_route=%2Fwp%2Fv2%2Fcategories&post=8908"},{"taxonomy":"post_tag","embeddable":true,"href":"https:\/\/quebriac.fr\/webcommune\/index.php?rest_route=%2Fwp%2Fv2%2Ftags&post=8908"}],"curies":[{"name":"wp","href":"https:\/\/api.w.org\/{rel}","templated":true}]}}