{"id":8924,"date":"2023-01-14T16:31:56","date_gmt":"2023-01-14T14:31:56","guid":{"rendered":"https:\/\/quebriac.fr\/webcommune\/?p=8924"},"modified":"2023-01-14T16:31:56","modified_gmt":"2023-01-14T14:31:56","slug":"premier-vide-decheterie-de-lannee-dimanche-29-janvier","status":"publish","type":"post","link":"https:\/\/quebriac.fr\/webcommune\/?p=8924","title":{"rendered":"Premier vide-d\u00e9ch\u00e8terie de l\u2019ann\u00e9e dimanche 29 janvier"},"content":{"rendered":"<p>Qui dit nouvelle ann\u00e9e dit nouveaux vide-d\u00e9ch\u00e8teries ! Le 1<sup>er<\/sup> de l\u2019ann\u00e9e aura lieu dimanche 29 janvier, \u00e0 la d\u00e9ch\u00e8terie de Liffr\u00e9, de 10 h \u00e0 12 h. Il est organis\u00e9 en partenariat avec la FCPE de Liffr\u00e9, Zero Waste Pays de Rennes et l\u2019Institut m\u00e9dico\u00e9ducatif le 3 m\u00e2ts. Une bonne alternative aux soldes d\u2019hiver !<\/p>\n<p>Les ventes de composteurs sur r\u00e9servation reprennent d\u00e8s le 18 mars. Les habitants peuvent d\u00e8s \u00e0 pr\u00e9sent r\u00e9server le leur sur www.valcobreizh.fr. En revanche, pour r\u00e9server un lombricomposteur, il faut envoyer un mail \u00e0 <a class=\"mailto-link\" tabindex=\"9999\" href=\"mailto:prevention@valcobreizh.fr\" target=\"_blank\" rel=\"noopener noreferrer\">prevention@valcobreizh.fr<\/a>.<\/p>\n<p><img loading=\"lazy\" decoding=\"async\" class=\"alignnone size-full wp-image-8925\" src=\"https:\/\/quebriac.fr\/webcommune\/wp-content\/uploads\/2023\/01\/image001.png\" alt=\"\" width=\"600\" height=\"848\" srcset=\"https:\/\/quebriac.fr\/webcommune\/wp-content\/uploads\/2023\/01\/image001.png 600w, https:\/\/quebriac.fr\/webcommune\/wp-content\/uploads\/2023\/01\/image001-212x300.png 212w, https:\/\/quebriac.fr\/webcommune\/wp-content\/uploads\/2023\/01\/image001-106x150.png 106w\" sizes=\"(max-width: 600px) 100vw, 600px\" \/><\/p>\n<p>&nbsp;<\/p>\n<p>&nbsp;<\/p>\n","protected":false},"excerpt":{"rendered":"<p>Qui dit nouvelle ann\u00e9e dit nouveaux vide-d\u00e9ch\u00e8teries ! Le 1er de l\u2019ann\u00e9e aura lieu dimanche 29 janvier, \u00e0 la d\u00e9ch\u00e8terie de Liffr\u00e9, de 10 h \u00e0 12 h. Il est\u2026<\/p>\n<p class=\"continue-reading-button\"> <a class=\"continue-reading-link\" href=\"https:\/\/quebriac.fr\/webcommune\/?p=8924\">La suite&#8230;<i class=\"crycon-right-dir\"><\/i><\/a><\/p>\n","protected":false},"author":1,"featured_media":5052,"comment_status":"closed","ping_status":"closed","sticky":false,"template":"","format":"standard","meta":{"footnotes":""},"categories":[13],"tags":[],"class_list":["post-8924","post","type-post","status-publish","format-standard","has-post-thumbnail","hentry","category-environnement"],"_links":{"self":[{"href":"https:\/\/quebriac.fr\/webcommune\/index.php?rest_route=\/wp\/v2\/posts\/8924"}],"collection":[{"href":"https:\/\/quebriac.fr\/webcommune\/index.php?rest_route=\/wp\/v2\/posts"}],"about":[{"href":"https:\/\/quebriac.fr\/webcommune\/index.php?rest_route=\/wp\/v2\/types\/post"}],"author":[{"embeddable":true,"href":"https:\/\/quebriac.fr\/webcommune\/index.php?rest_route=\/wp\/v2\/users\/1"}],"replies":[{"embeddable":true,"href":"https:\/\/quebriac.fr\/webcommune\/index.php?rest_route=%2Fwp%2Fv2%2Fcomments&post=8924"}],"version-history":[{"count":1,"href":"https:\/\/quebriac.fr\/webcommune\/index.php?rest_route=\/wp\/v2\/posts\/8924\/revisions"}],"predecessor-version":[{"id":8927,"href":"https:\/\/quebriac.fr\/webcommune\/index.php?rest_route=\/wp\/v2\/posts\/8924\/revisions\/8927"}],"wp:featuredmedia":[{"embeddable":true,"href":"https:\/\/quebriac.fr\/webcommune\/index.php?rest_route=\/wp\/v2\/media\/5052"}],"wp:attachment":[{"href":"https:\/\/quebriac.fr\/webcommune\/index.php?rest_route=%2Fwp%2Fv2%2Fmedia&parent=8924"}],"wp:term":[{"taxonomy":"category","embeddable":true,"href":"https:\/\/quebriac.fr\/webcommune\/index.php?rest_route=%2Fwp%2Fv2%2Fcategories&post=8924"},{"taxonomy":"post_tag","embeddable":true,"href":"https:\/\/quebriac.fr\/webcommune\/index.php?rest_route=%2Fwp%2Fv2%2Ftags&post=8924"}],"curies":[{"name":"wp","href":"https:\/\/api.w.org\/{rel}","templated":true}]}}