{"id":8947,"date":"2023-01-20T17:42:13","date_gmt":"2023-01-20T15:42:13","guid":{"rendered":"https:\/\/quebriac.fr\/webcommune\/?p=8947"},"modified":"2023-04-07T17:31:11","modified_gmt":"2023-04-07T15:31:11","slug":"journees-portes-ouvertes","status":"publish","type":"post","link":"https:\/\/quebriac.fr\/webcommune\/?p=8947","title":{"rendered":"Journ\u00e9es portes ouvertes"},"content":{"rendered":"<p>Fili\u00e8res G\u00e9n\u00e9rale, Agricole, Paysage, Eau<\/p>\n<p><img loading=\"lazy\" decoding=\"async\" class=\"alignnone size-large wp-image-8948\" src=\"https:\/\/quebriac.fr\/webcommune\/wp-content\/uploads\/2023\/01\/filiere-725x1024.jpg\" alt=\"\" width=\"725\" height=\"1024\" srcset=\"https:\/\/quebriac.fr\/webcommune\/wp-content\/uploads\/2023\/01\/filiere-725x1024.jpg 725w, https:\/\/quebriac.fr\/webcommune\/wp-content\/uploads\/2023\/01\/filiere-212x300.jpg 212w, https:\/\/quebriac.fr\/webcommune\/wp-content\/uploads\/2023\/01\/filiere-768x1085.jpg 768w, https:\/\/quebriac.fr\/webcommune\/wp-content\/uploads\/2023\/01\/filiere-106x150.jpg 106w, https:\/\/quebriac.fr\/webcommune\/wp-content\/uploads\/2023\/01\/filiere.jpg 1000w\" sizes=\"(max-width: 725px) 100vw, 725px\" \/><\/p>\n","protected":false},"excerpt":{"rendered":"<p>Fili\u00e8res G\u00e9n\u00e9rale, Agricole, Paysage, Eau<\/p>\n<p class=\"continue-reading-button\"> <a class=\"continue-reading-link\" href=\"https:\/\/quebriac.fr\/webcommune\/?p=8947\">La suite&#8230;<i class=\"crycon-right-dir\"><\/i><\/a><\/p>\n","protected":false},"author":1,"featured_media":0,"comment_status":"closed","ping_status":"closed","sticky":false,"template":"","format":"standard","meta":{"footnotes":""},"categories":[14],"tags":[],"class_list":["post-8947","post","type-post","status-publish","format-standard","hentry","category-evenements-exterieurs"],"_links":{"self":[{"href":"https:\/\/quebriac.fr\/webcommune\/index.php?rest_route=\/wp\/v2\/posts\/8947"}],"collection":[{"href":"https:\/\/quebriac.fr\/webcommune\/index.php?rest_route=\/wp\/v2\/posts"}],"about":[{"href":"https:\/\/quebriac.fr\/webcommune\/index.php?rest_route=\/wp\/v2\/types\/post"}],"author":[{"embeddable":true,"href":"https:\/\/quebriac.fr\/webcommune\/index.php?rest_route=\/wp\/v2\/users\/1"}],"replies":[{"embeddable":true,"href":"https:\/\/quebriac.fr\/webcommune\/index.php?rest_route=%2Fwp%2Fv2%2Fcomments&post=8947"}],"version-history":[{"count":1,"href":"https:\/\/quebriac.fr\/webcommune\/index.php?rest_route=\/wp\/v2\/posts\/8947\/revisions"}],"predecessor-version":[{"id":8949,"href":"https:\/\/quebriac.fr\/webcommune\/index.php?rest_route=\/wp\/v2\/posts\/8947\/revisions\/8949"}],"wp:attachment":[{"href":"https:\/\/quebriac.fr\/webcommune\/index.php?rest_route=%2Fwp%2Fv2%2Fmedia&parent=8947"}],"wp:term":[{"taxonomy":"category","embeddable":true,"href":"https:\/\/quebriac.fr\/webcommune\/index.php?rest_route=%2Fwp%2Fv2%2Fcategories&post=8947"},{"taxonomy":"post_tag","embeddable":true,"href":"https:\/\/quebriac.fr\/webcommune\/index.php?rest_route=%2Fwp%2Fv2%2Ftags&post=8947"}],"curies":[{"name":"wp","href":"https:\/\/api.w.org\/{rel}","templated":true}]}}