{"id":8983,"date":"2023-01-31T16:11:31","date_gmt":"2023-01-31T14:11:31","guid":{"rendered":"https:\/\/quebriac.fr\/webcommune\/?p=8983"},"modified":"2023-04-07T17:29:16","modified_gmt":"2023-04-07T15:29:16","slug":"factures-denergie","status":"publish","type":"post","link":"https:\/\/quebriac.fr\/webcommune\/?p=8983","title":{"rendered":"Factures d\u2019\u00e9nergie"},"content":{"rendered":"<p><strong>Artisans \/ Commer\u00e7ants \/ TPE \/ PME, comment b\u00e9n\u00e9ficier d\u2019une remise de l\u2019\u00c9tat sur vos factures d\u2019\u00e9nergie ? <\/strong><\/p>\n<p>Vous \u00eates artisan, commer\u00e7ant, TPE ou PME, <strong>vous avez droit \u00e0 des aides<\/strong> pour r\u00e9duire le montant de vos factures d&rsquo;\u00e9lectricit\u00e9.<\/p>\n<p><strong>Pour en b\u00e9n\u00e9ficier, vous devez imp\u00e9rativement <a tabindex=\"9999\" href=\"https:\/\/www.economie.gouv.fr\/files\/files\/2023\/Modele_attestation_aides_energie_entreprise.pdf\" target=\"_blank\" rel=\"noopener noreferrer\">renvoyer cette attestation<\/a> \u00e0 votre fournisseur d\u2019\u00e9nergie.<\/strong> Elle est \u00e9galement disponible sur le site de votre fournisseur d\u2019\u00e9nergie.<\/p>\n<p>C\u2019est <strong>simple, rapide<\/strong> et vous trouverez sur le site internet de votre fournisseur d\u2019\u00e9nergie toutes les informations utiles sur les modalit\u00e9s d&rsquo;envoi de cette attestation.<\/p>\n<p><strong><u>L\u2019envoi de l\u2019attestation \u00e0 votre fournisseur est n\u00e9cessaire et urgent<\/u><\/strong> pour b\u00e9n\u00e9ficier d\u2019une remise sur votre facture\u00a0d\u2019\u00e9lectricit\u00e9 de janvier.<\/p>\n<p>Si vous n\u2019\u00eates pas \u00e0 l\u2019aise avec internet ou si vous souhaitez b\u00e9n\u00e9ficier d\u2019explications pour remplir l\u2019attestation, nos agents sont \u00e0 votre service\u00a0:<\/p>\n<p>&#8211; au 0 806 000 245 ;<br \/>\n&#8211; au niveau de chaque d\u00e9partement avec <a tabindex=\"9999\" href=\"https:\/\/www.impots.gouv.fr\/sites\/default\/files\/media\/1_metier\/2_professionnel\/EV\/4_difficultes\/440_situation_difficile\/nid_14176_annuaire_cdsc_externe.pdf\" target=\"_blank\" rel=\"noopener noreferrer\">nos conseillers en sortie de crise<\/a> ;<br \/>\n&#8211; sur rendez-vous dans votre centre des Finances publiques.<\/p>\n","protected":false},"excerpt":{"rendered":"<p>Artisans \/ Commer\u00e7ants \/ TPE \/ PME, comment b\u00e9n\u00e9ficier d\u2019une remise de l\u2019\u00c9tat sur vos factures d\u2019\u00e9nergie ? Vous \u00eates artisan, commer\u00e7ant, TPE ou PME, vous avez droit \u00e0 des\u2026<\/p>\n<p class=\"continue-reading-button\"> <a class=\"continue-reading-link\" href=\"https:\/\/quebriac.fr\/webcommune\/?p=8983\">La suite&#8230;<i class=\"crycon-right-dir\"><\/i><\/a><\/p>\n","protected":false},"author":1,"featured_media":8986,"comment_status":"closed","ping_status":"closed","sticky":false,"template":"","format":"standard","meta":{"footnotes":""},"categories":[29],"tags":[],"class_list":["post-8983","post","type-post","status-publish","format-standard","has-post-thumbnail","hentry","category-pouvoirs-publics"],"_links":{"self":[{"href":"https:\/\/quebriac.fr\/webcommune\/index.php?rest_route=\/wp\/v2\/posts\/8983"}],"collection":[{"href":"https:\/\/quebriac.fr\/webcommune\/index.php?rest_route=\/wp\/v2\/posts"}],"about":[{"href":"https:\/\/quebriac.fr\/webcommune\/index.php?rest_route=\/wp\/v2\/types\/post"}],"author":[{"embeddable":true,"href":"https:\/\/quebriac.fr\/webcommune\/index.php?rest_route=\/wp\/v2\/users\/1"}],"replies":[{"embeddable":true,"href":"https:\/\/quebriac.fr\/webcommune\/index.php?rest_route=%2Fwp%2Fv2%2Fcomments&post=8983"}],"version-history":[{"count":1,"href":"https:\/\/quebriac.fr\/webcommune\/index.php?rest_route=\/wp\/v2\/posts\/8983\/revisions"}],"predecessor-version":[{"id":8985,"href":"https:\/\/quebriac.fr\/webcommune\/index.php?rest_route=\/wp\/v2\/posts\/8983\/revisions\/8985"}],"wp:featuredmedia":[{"embeddable":true,"href":"https:\/\/quebriac.fr\/webcommune\/index.php?rest_route=\/wp\/v2\/media\/8986"}],"wp:attachment":[{"href":"https:\/\/quebriac.fr\/webcommune\/index.php?rest_route=%2Fwp%2Fv2%2Fmedia&parent=8983"}],"wp:term":[{"taxonomy":"category","embeddable":true,"href":"https:\/\/quebriac.fr\/webcommune\/index.php?rest_route=%2Fwp%2Fv2%2Fcategories&post=8983"},{"taxonomy":"post_tag","embeddable":true,"href":"https:\/\/quebriac.fr\/webcommune\/index.php?rest_route=%2Fwp%2Fv2%2Ftags&post=8983"}],"curies":[{"name":"wp","href":"https:\/\/api.w.org\/{rel}","templated":true}]}}