{"id":9023,"date":"2023-02-10T12:52:25","date_gmt":"2023-02-10T10:52:25","guid":{"rendered":"https:\/\/quebriac.fr\/webcommune\/?p=9023"},"modified":"2023-02-10T12:52:25","modified_gmt":"2023-02-10T10:52:25","slug":"forum-jeunesse-trouve-ton-job-2023","status":"publish","type":"post","link":"https:\/\/quebriac.fr\/webcommune\/?p=9023","title":{"rendered":"Forum jeunesse Trouve ton job 2023"},"content":{"rendered":"<p>La Communaut\u00e9 de communes Bretagne romantique organise la seconde \u00e9dition du forum jeunesse le samedi 4 mars \u00e0 Mesnil Roc\u2019h (Lanh\u00e9lin).<!--more--><\/p>\n<p>Une matin\u00e9e \u00e0 destination des jeunes (de 16 \u00e0 30 ans) qui recherchent un job pour cet \u00e9t\u00e9 \u2600 et \u00e0 \u00eatre accompagn\u00e9s dans leurs d\u00e9marches du quotidien \ud83d\udcdd (mobilit\u00e9, logement, sant\u00e9, formation, voyage, engagement).<\/p>\n<p><img loading=\"lazy\" decoding=\"async\" class=\"alignnone size-medium wp-image-9024\" src=\"https:\/\/quebriac.fr\/webcommune\/wp-content\/uploads\/2023\/02\/Affiche-Forum-Jeunesse-2023-211x300.png\" alt=\"\" width=\"211\" height=\"300\" srcset=\"https:\/\/quebriac.fr\/webcommune\/wp-content\/uploads\/2023\/02\/Affiche-Forum-Jeunesse-2023-211x300.png 211w, https:\/\/quebriac.fr\/webcommune\/wp-content\/uploads\/2023\/02\/Affiche-Forum-Jeunesse-2023-722x1024.png 722w, https:\/\/quebriac.fr\/webcommune\/wp-content\/uploads\/2023\/02\/Affiche-Forum-Jeunesse-2023-768x1090.png 768w, https:\/\/quebriac.fr\/webcommune\/wp-content\/uploads\/2023\/02\/Affiche-Forum-Jeunesse-2023-1082x1536.png 1082w, https:\/\/quebriac.fr\/webcommune\/wp-content\/uploads\/2023\/02\/Affiche-Forum-Jeunesse-2023-1443x2048.png 1443w, https:\/\/quebriac.fr\/webcommune\/wp-content\/uploads\/2023\/02\/Affiche-Forum-Jeunesse-2023-106x150.png 106w\" sizes=\"(max-width: 211px) 100vw, 211px\" \/><a href=\"https:\/\/bretagneromantique.fr\/evenement\/forum-jeunesse\/\" target=\"_blank\" rel=\"noopener noreferrer\">+ d&rsquo;INFOS<\/a><\/p>\n","protected":false},"excerpt":{"rendered":"<p>La Communaut\u00e9 de communes Bretagne romantique organise la seconde \u00e9dition du forum jeunesse le samedi 4 mars \u00e0 Mesnil Roc\u2019h (Lanh\u00e9lin).<\/p>\n<p class=\"continue-reading-button\"> <a class=\"continue-reading-link\" href=\"https:\/\/quebriac.fr\/webcommune\/?p=9023\">La suite&#8230;<i class=\"crycon-right-dir\"><\/i><\/a><\/p>\n","protected":false},"author":2,"featured_media":8528,"comment_status":"closed","ping_status":"closed","sticky":false,"template":"","format":"standard","meta":{"footnotes":""},"categories":[28],"tags":[],"class_list":["post-9023","post","type-post","status-publish","format-standard","has-post-thumbnail","hentry","category-emploi"],"_links":{"self":[{"href":"https:\/\/quebriac.fr\/webcommune\/index.php?rest_route=\/wp\/v2\/posts\/9023"}],"collection":[{"href":"https:\/\/quebriac.fr\/webcommune\/index.php?rest_route=\/wp\/v2\/posts"}],"about":[{"href":"https:\/\/quebriac.fr\/webcommune\/index.php?rest_route=\/wp\/v2\/types\/post"}],"author":[{"embeddable":true,"href":"https:\/\/quebriac.fr\/webcommune\/index.php?rest_route=\/wp\/v2\/users\/2"}],"replies":[{"embeddable":true,"href":"https:\/\/quebriac.fr\/webcommune\/index.php?rest_route=%2Fwp%2Fv2%2Fcomments&post=9023"}],"version-history":[{"count":1,"href":"https:\/\/quebriac.fr\/webcommune\/index.php?rest_route=\/wp\/v2\/posts\/9023\/revisions"}],"predecessor-version":[{"id":9025,"href":"https:\/\/quebriac.fr\/webcommune\/index.php?rest_route=\/wp\/v2\/posts\/9023\/revisions\/9025"}],"wp:featuredmedia":[{"embeddable":true,"href":"https:\/\/quebriac.fr\/webcommune\/index.php?rest_route=\/wp\/v2\/media\/8528"}],"wp:attachment":[{"href":"https:\/\/quebriac.fr\/webcommune\/index.php?rest_route=%2Fwp%2Fv2%2Fmedia&parent=9023"}],"wp:term":[{"taxonomy":"category","embeddable":true,"href":"https:\/\/quebriac.fr\/webcommune\/index.php?rest_route=%2Fwp%2Fv2%2Fcategories&post=9023"},{"taxonomy":"post_tag","embeddable":true,"href":"https:\/\/quebriac.fr\/webcommune\/index.php?rest_route=%2Fwp%2Fv2%2Ftags&post=9023"}],"curies":[{"name":"wp","href":"https:\/\/api.w.org\/{rel}","templated":true}]}}