{"id":9388,"date":"2023-04-29T11:28:54","date_gmt":"2023-04-29T09:28:54","guid":{"rendered":"https:\/\/quebriac.fr\/webcommune\/?p=9388"},"modified":"2023-04-29T11:28:54","modified_gmt":"2023-04-29T09:28:54","slug":"commemoration-du-8-mai-2","status":"publish","type":"post","link":"https:\/\/quebriac.fr\/webcommune\/?p=9388","title":{"rendered":"Comm\u00e9moration du 8 mai"},"content":{"rendered":"<p><span id=\"contenu_ucPreviewJournal_lb_corps\" class=\"corps-journal\">Le rassemblement se fera \u00e0 la mairie \u00e0 10h30 ; c\u00e9r\u00e9monie au monument aux morts avec d\u00e9p\u00f4t de gerbes et allocutions puis d\u00e9part vers le cimeti\u00e8re. En fin de c\u00e9r\u00e9monie un vin d&rsquo;honneur sera offert par la municipalit\u00e9. Lundi 8 mai, Qu\u00e9briac.<\/span><\/p>\n","protected":false},"excerpt":{"rendered":"<p>Le rassemblement se fera \u00e0 la mairie \u00e0 10h30 ; c\u00e9r\u00e9monie au monument aux morts avec d\u00e9p\u00f4t de gerbes et allocutions puis d\u00e9part vers le cimeti\u00e8re. En fin de c\u00e9r\u00e9monie\u2026<\/p>\n<p class=\"continue-reading-button\"> <a class=\"continue-reading-link\" href=\"https:\/\/quebriac.fr\/webcommune\/?p=9388\">La suite&#8230;<i class=\"crycon-right-dir\"><\/i><\/a><\/p>\n","protected":false},"author":2,"featured_media":0,"comment_status":"closed","ping_status":"closed","sticky":false,"template":"","format":"standard","meta":{"footnotes":""},"categories":[31,1],"tags":[],"class_list":["post-9388","post","type-post","status-publish","format-standard","hentry","category-commemorations","category-non-classe"],"_links":{"self":[{"href":"https:\/\/quebriac.fr\/webcommune\/index.php?rest_route=\/wp\/v2\/posts\/9388"}],"collection":[{"href":"https:\/\/quebriac.fr\/webcommune\/index.php?rest_route=\/wp\/v2\/posts"}],"about":[{"href":"https:\/\/quebriac.fr\/webcommune\/index.php?rest_route=\/wp\/v2\/types\/post"}],"author":[{"embeddable":true,"href":"https:\/\/quebriac.fr\/webcommune\/index.php?rest_route=\/wp\/v2\/users\/2"}],"replies":[{"embeddable":true,"href":"https:\/\/quebriac.fr\/webcommune\/index.php?rest_route=%2Fwp%2Fv2%2Fcomments&post=9388"}],"version-history":[{"count":2,"href":"https:\/\/quebriac.fr\/webcommune\/index.php?rest_route=\/wp\/v2\/posts\/9388\/revisions"}],"predecessor-version":[{"id":9390,"href":"https:\/\/quebriac.fr\/webcommune\/index.php?rest_route=\/wp\/v2\/posts\/9388\/revisions\/9390"}],"wp:attachment":[{"href":"https:\/\/quebriac.fr\/webcommune\/index.php?rest_route=%2Fwp%2Fv2%2Fmedia&parent=9388"}],"wp:term":[{"taxonomy":"category","embeddable":true,"href":"https:\/\/quebriac.fr\/webcommune\/index.php?rest_route=%2Fwp%2Fv2%2Fcategories&post=9388"},{"taxonomy":"post_tag","embeddable":true,"href":"https:\/\/quebriac.fr\/webcommune\/index.php?rest_route=%2Fwp%2Fv2%2Ftags&post=9388"}],"curies":[{"name":"wp","href":"https:\/\/api.w.org\/{rel}","templated":true}]}}