{"id":9479,"date":"2023-05-13T09:38:26","date_gmt":"2023-05-13T07:38:26","guid":{"rendered":"https:\/\/quebriac.fr\/webcommune\/?p=9479"},"modified":"2023-05-13T09:38:26","modified_gmt":"2023-05-13T07:38:26","slug":"arrete-de-circulation-deviation-pour-cause-de-travaux","status":"publish","type":"post","link":"https:\/\/quebriac.fr\/webcommune\/?p=9479","title":{"rendered":"Arr\u00eat\u00e9 de circulation : D\u00e9viation pour cause de travaux"},"content":{"rendered":"<p>La route sera barr\u00e9e et la circulation interdite sur la voie n\u00b013 au lieu-dit Tr\u00e9magou\u00ebt du 8 au 23 juin 2023<!--more--><\/p>\n<p><a href=\"https:\/\/quebriac.fr\/webcommune\/wp-content\/uploads\/2023\/05\/Arrete-circulation-travaux-tremagouet.pdf\" target=\"_blank\" rel=\"noopener noreferrer\">\u21d2 Arr\u00eat\u00e9 circulation travaux Tr\u00e9magou\u00ebt<\/a><\/p>\n","protected":false},"excerpt":{"rendered":"<p>La route sera barr\u00e9e et la circulation interdite sur la voie n\u00b013 au lieu-dit Tr\u00e9magou\u00ebt du 8 au 23 juin 2023<\/p>\n<p class=\"continue-reading-button\"> <a class=\"continue-reading-link\" href=\"https:\/\/quebriac.fr\/webcommune\/?p=9479\">La suite&#8230;<i class=\"crycon-right-dir\"><\/i><\/a><\/p>\n","protected":false},"author":2,"featured_media":4842,"comment_status":"closed","ping_status":"closed","sticky":false,"template":"","format":"standard","meta":{"footnotes":""},"categories":[5],"tags":[],"class_list":["post-9479","post","type-post","status-publish","format-standard","has-post-thumbnail","hentry","category-arrete-municipal"],"_links":{"self":[{"href":"https:\/\/quebriac.fr\/webcommune\/index.php?rest_route=\/wp\/v2\/posts\/9479"}],"collection":[{"href":"https:\/\/quebriac.fr\/webcommune\/index.php?rest_route=\/wp\/v2\/posts"}],"about":[{"href":"https:\/\/quebriac.fr\/webcommune\/index.php?rest_route=\/wp\/v2\/types\/post"}],"author":[{"embeddable":true,"href":"https:\/\/quebriac.fr\/webcommune\/index.php?rest_route=\/wp\/v2\/users\/2"}],"replies":[{"embeddable":true,"href":"https:\/\/quebriac.fr\/webcommune\/index.php?rest_route=%2Fwp%2Fv2%2Fcomments&post=9479"}],"version-history":[{"count":1,"href":"https:\/\/quebriac.fr\/webcommune\/index.php?rest_route=\/wp\/v2\/posts\/9479\/revisions"}],"predecessor-version":[{"id":9481,"href":"https:\/\/quebriac.fr\/webcommune\/index.php?rest_route=\/wp\/v2\/posts\/9479\/revisions\/9481"}],"wp:featuredmedia":[{"embeddable":true,"href":"https:\/\/quebriac.fr\/webcommune\/index.php?rest_route=\/wp\/v2\/media\/4842"}],"wp:attachment":[{"href":"https:\/\/quebriac.fr\/webcommune\/index.php?rest_route=%2Fwp%2Fv2%2Fmedia&parent=9479"}],"wp:term":[{"taxonomy":"category","embeddable":true,"href":"https:\/\/quebriac.fr\/webcommune\/index.php?rest_route=%2Fwp%2Fv2%2Fcategories&post=9479"},{"taxonomy":"post_tag","embeddable":true,"href":"https:\/\/quebriac.fr\/webcommune\/index.php?rest_route=%2Fwp%2Fv2%2Ftags&post=9479"}],"curies":[{"name":"wp","href":"https:\/\/api.w.org\/{rel}","templated":true}]}}