{"id":9898,"date":"2023-09-19T09:57:10","date_gmt":"2023-09-19T07:57:10","guid":{"rendered":"https:\/\/quebriac.fr\/webcommune\/?p=9898"},"modified":"2023-09-19T09:58:33","modified_gmt":"2023-09-19T07:58:33","slug":"smictom-valcobreizh-4","status":"publish","type":"post","link":"https:\/\/quebriac.fr\/webcommune\/?p=9898","title":{"rendered":"Smictom VALCOBREIZH"},"content":{"rendered":"<p>Un nouveau calendrier de collecte des d\u00e9chets est mis en place \u00e0 partir du lundi 2 octobre 2023.<\/p>\n<p class=\"ox-b808e85b6d-MsoNormal\">Pour la commune de Qu\u00e9briac, la collecte se fera :<\/p>\n<ul>\n<li class=\"ox-b808e85b6d-MsoNormal\">Pour les ordures m\u00e9nag\u00e8res, le jeudi \u00e0 partir de 4h.<\/li>\n<li>Pour le tri s\u00e9lectif, le lundi des semaines paires \u00e0 partir de 19h.<\/li>\n<\/ul>\n<p class=\"ox-b808e85b6d-MsoNormal\">Attention, cependant pour certains lieux-dits, les collectes s\u2019effectuent \u00e0 d\u2019autres moments, comme c\u2019est d\u00e9j\u00e0 le cas actuellement.<\/p>\n<p class=\"ox-b808e85b6d-MsoNormal\">La collecte des ordures m\u00e9nag\u00e8res s\u2019effectuera\u00a0pour :<\/p>\n<ul>\n<li class=\"ox-b808e85b6d-MsoNormal\">La Chapronais, La Haye de Terre, La Motte aux Rochers, La Ville Gouin, Launay, Le Chauchix Mary, Le Mesnil,\u00a0 Les Tertres, Rochetain : le mardi \u00e0 partir de 4h.<\/li>\n<li>Le Pas Hamelin, Les Marzelles : le mardi \u00e0 partir de 19h.<\/li>\n<\/ul>\n<p class=\"ox-b808e85b6d-MsoNormal\">La collecte du tri s\u00e9lectif s\u2019effectuera pour\u00a0:<\/p>\n<ul>\n<li class=\"ox-b808e85b6d-MsoNormal\">La Chapronais, La Haye de Terre, La Motte aux Rochers, La Ville Gouin, Launay, Le Chauchix Mary, Le Mesnil,\u00a0 Les Tertres, Rochetain : le jeudi \u00e0 partir de 4h (semaine impaire).<\/li>\n<li>Le Pas Hamelin, les Marzelles : le lundi \u00e0 partir de 19h (semaine impaire).<\/li>\n<\/ul>\n<p><a href=\"https:\/\/www.valcobreizh.fr\/\" target=\"_blank\" rel=\"noopener\"><img loading=\"lazy\" decoding=\"async\" class=\"alignnone wp-image-4653 size-full\" src=\"https:\/\/quebriac.fr\/webcommune\/wp-content\/uploads\/2020\/04\/valcobreizh-1.jpg\" alt=\"\" width=\"600\" height=\"160\" srcset=\"https:\/\/quebriac.fr\/webcommune\/wp-content\/uploads\/2020\/04\/valcobreizh-1.jpg 600w, https:\/\/quebriac.fr\/webcommune\/wp-content\/uploads\/2020\/04\/valcobreizh-1-300x80.jpg 300w, https:\/\/quebriac.fr\/webcommune\/wp-content\/uploads\/2020\/04\/valcobreizh-1-150x40.jpg 150w\" sizes=\"(max-width: 600px) 100vw, 600px\" \/><\/a><\/p>\n<p>&nbsp;<\/p>\n","protected":false},"excerpt":{"rendered":"<p>Un nouveau calendrier de collecte des d\u00e9chets est mis en place \u00e0 partir du lundi 2 octobre 2023. Pour la commune de Qu\u00e9briac, la collecte se fera : Pour les\u2026<\/p>\n<p class=\"continue-reading-button\"> <a class=\"continue-reading-link\" href=\"https:\/\/quebriac.fr\/webcommune\/?p=9898\">La suite&#8230;<i class=\"crycon-right-dir\"><\/i><\/a><\/p>\n","protected":false},"author":1,"featured_media":0,"comment_status":"closed","ping_status":"closed","sticky":false,"template":"","format":"standard","meta":{"footnotes":""},"categories":[34],"tags":[],"class_list":["post-9898","post","type-post","status-publish","format-standard","hentry","category-services-publics"],"_links":{"self":[{"href":"https:\/\/quebriac.fr\/webcommune\/index.php?rest_route=\/wp\/v2\/posts\/9898"}],"collection":[{"href":"https:\/\/quebriac.fr\/webcommune\/index.php?rest_route=\/wp\/v2\/posts"}],"about":[{"href":"https:\/\/quebriac.fr\/webcommune\/index.php?rest_route=\/wp\/v2\/types\/post"}],"author":[{"embeddable":true,"href":"https:\/\/quebriac.fr\/webcommune\/index.php?rest_route=\/wp\/v2\/users\/1"}],"replies":[{"embeddable":true,"href":"https:\/\/quebriac.fr\/webcommune\/index.php?rest_route=%2Fwp%2Fv2%2Fcomments&post=9898"}],"version-history":[{"count":3,"href":"https:\/\/quebriac.fr\/webcommune\/index.php?rest_route=\/wp\/v2\/posts\/9898\/revisions"}],"predecessor-version":[{"id":9901,"href":"https:\/\/quebriac.fr\/webcommune\/index.php?rest_route=\/wp\/v2\/posts\/9898\/revisions\/9901"}],"wp:attachment":[{"href":"https:\/\/quebriac.fr\/webcommune\/index.php?rest_route=%2Fwp%2Fv2%2Fmedia&parent=9898"}],"wp:term":[{"taxonomy":"category","embeddable":true,"href":"https:\/\/quebriac.fr\/webcommune\/index.php?rest_route=%2Fwp%2Fv2%2Fcategories&post=9898"},{"taxonomy":"post_tag","embeddable":true,"href":"https:\/\/quebriac.fr\/webcommune\/index.php?rest_route=%2Fwp%2Fv2%2Ftags&post=9898"}],"curies":[{"name":"wp","href":"https:\/\/api.w.org\/{rel}","templated":true}]}}