{"id":9935,"date":"2023-10-02T13:19:07","date_gmt":"2023-10-02T11:19:07","guid":{"rendered":"https:\/\/quebriac.fr\/webcommune\/?p=9935"},"modified":"2023-10-02T13:20:13","modified_gmt":"2023-10-02T11:20:13","slug":"les-temps-forts-du-reseau-des-bibliotheques-et-mediatheques-de-la-bretagne-romantique","status":"publish","type":"post","link":"https:\/\/quebriac.fr\/webcommune\/?p=9935","title":{"rendered":"Les temps forts  du r\u00e9seau des  biblioth\u00e8ques et  m\u00e9diath\u00e8ques de la  Bretagne romantique"},"content":{"rendered":"<p>Animations du r\u00e9seau des biblioth\u00e8ques Bretagne romantique &#8211; 4e trimestre 2023<\/p>\n<p><!--more--><\/p>\n<p><a href=\"https:\/\/quebriac.fr\/webcommune\/wp-content\/uploads\/2023\/10\/2023-4e-trimestre-WEB.pdf\" target=\"_blank\" rel=\"noopener\">T\u00e9l\u00e9charger le document<\/a><\/p>\n","protected":false},"excerpt":{"rendered":"<p>Animations du r\u00e9seau des biblioth\u00e8ques Bretagne romantique &#8211; 4e trimestre 2023<\/p>\n<p class=\"continue-reading-button\"> <a class=\"continue-reading-link\" href=\"https:\/\/quebriac.fr\/webcommune\/?p=9935\">La suite&#8230;<i class=\"crycon-right-dir\"><\/i><\/a><\/p>\n","protected":false},"author":1,"featured_media":7674,"comment_status":"closed","ping_status":"closed","sticky":false,"template":"","format":"standard","meta":{"footnotes":""},"categories":[1],"tags":[],"class_list":["post-9935","post","type-post","status-publish","format-standard","has-post-thumbnail","hentry","category-non-classe"],"_links":{"self":[{"href":"https:\/\/quebriac.fr\/webcommune\/index.php?rest_route=\/wp\/v2\/posts\/9935"}],"collection":[{"href":"https:\/\/quebriac.fr\/webcommune\/index.php?rest_route=\/wp\/v2\/posts"}],"about":[{"href":"https:\/\/quebriac.fr\/webcommune\/index.php?rest_route=\/wp\/v2\/types\/post"}],"author":[{"embeddable":true,"href":"https:\/\/quebriac.fr\/webcommune\/index.php?rest_route=\/wp\/v2\/users\/1"}],"replies":[{"embeddable":true,"href":"https:\/\/quebriac.fr\/webcommune\/index.php?rest_route=%2Fwp%2Fv2%2Fcomments&post=9935"}],"version-history":[{"count":4,"href":"https:\/\/quebriac.fr\/webcommune\/index.php?rest_route=\/wp\/v2\/posts\/9935\/revisions"}],"predecessor-version":[{"id":9940,"href":"https:\/\/quebriac.fr\/webcommune\/index.php?rest_route=\/wp\/v2\/posts\/9935\/revisions\/9940"}],"wp:featuredmedia":[{"embeddable":true,"href":"https:\/\/quebriac.fr\/webcommune\/index.php?rest_route=\/wp\/v2\/media\/7674"}],"wp:attachment":[{"href":"https:\/\/quebriac.fr\/webcommune\/index.php?rest_route=%2Fwp%2Fv2%2Fmedia&parent=9935"}],"wp:term":[{"taxonomy":"category","embeddable":true,"href":"https:\/\/quebriac.fr\/webcommune\/index.php?rest_route=%2Fwp%2Fv2%2Fcategories&post=9935"},{"taxonomy":"post_tag","embeddable":true,"href":"https:\/\/quebriac.fr\/webcommune\/index.php?rest_route=%2Fwp%2Fv2%2Ftags&post=9935"}],"curies":[{"name":"wp","href":"https:\/\/api.w.org\/{rel}","templated":true}]}}