{"id":9969,"date":"2023-10-05T16:13:17","date_gmt":"2023-10-05T14:13:17","guid":{"rendered":"https:\/\/quebriac.fr\/webcommune\/?p=9969"},"modified":"2023-10-05T16:14:35","modified_gmt":"2023-10-05T14:14:35","slug":"societe-saur-2","status":"publish","type":"post","link":"https:\/\/quebriac.fr\/webcommune\/?p=9969","title":{"rendered":"Soci\u00e9t\u00e9 SAUR"},"content":{"rendered":"<p>La Soci\u00e9t\u00e9 SAUR (Service des Eaux) vous informe qu\u2019elle va proc\u00e9der \u00e0 des travaux sur votre commune, cette op\u00e9ration entrainera une coupure du r\u00e9seau d\u2019eau potable.<img loading=\"lazy\" decoding=\"async\" class=\"alignnone size-large wp-image-9970\" src=\"https:\/\/quebriac.fr\/webcommune\/wp-content\/uploads\/2023\/10\/saur-724x1024.jpg\" alt=\"\" width=\"724\" height=\"1024\" srcset=\"https:\/\/quebriac.fr\/webcommune\/wp-content\/uploads\/2023\/10\/saur-724x1024.jpg 724w, https:\/\/quebriac.fr\/webcommune\/wp-content\/uploads\/2023\/10\/saur-212x300.jpg 212w, https:\/\/quebriac.fr\/webcommune\/wp-content\/uploads\/2023\/10\/saur-768x1087.jpg 768w, https:\/\/quebriac.fr\/webcommune\/wp-content\/uploads\/2023\/10\/saur-1086x1536.jpg 1086w, https:\/\/quebriac.fr\/webcommune\/wp-content\/uploads\/2023\/10\/saur-106x150.jpg 106w, https:\/\/quebriac.fr\/webcommune\/wp-content\/uploads\/2023\/10\/saur.jpg 1200w\" sizes=\"(max-width: 724px) 100vw, 724px\" \/><\/p>\n<p>&nbsp;<\/p>\n","protected":false},"excerpt":{"rendered":"<p>La Soci\u00e9t\u00e9 SAUR (Service des Eaux) vous informe qu\u2019elle va proc\u00e9der \u00e0 des travaux sur votre commune, cette op\u00e9ration entrainera une coupure du r\u00e9seau d\u2019eau potable. &nbsp;<\/p>\n<p class=\"continue-reading-button\"> <a class=\"continue-reading-link\" href=\"https:\/\/quebriac.fr\/webcommune\/?p=9969\">La suite&#8230;<i class=\"crycon-right-dir\"><\/i><\/a><\/p>\n","protected":false},"author":1,"featured_media":0,"comment_status":"closed","ping_status":"closed","sticky":false,"template":"","format":"standard","meta":{"footnotes":""},"categories":[23],"tags":[],"class_list":["post-9969","post","type-post","status-publish","format-standard","hentry","category-travaux"],"_links":{"self":[{"href":"https:\/\/quebriac.fr\/webcommune\/index.php?rest_route=\/wp\/v2\/posts\/9969"}],"collection":[{"href":"https:\/\/quebriac.fr\/webcommune\/index.php?rest_route=\/wp\/v2\/posts"}],"about":[{"href":"https:\/\/quebriac.fr\/webcommune\/index.php?rest_route=\/wp\/v2\/types\/post"}],"author":[{"embeddable":true,"href":"https:\/\/quebriac.fr\/webcommune\/index.php?rest_route=\/wp\/v2\/users\/1"}],"replies":[{"embeddable":true,"href":"https:\/\/quebriac.fr\/webcommune\/index.php?rest_route=%2Fwp%2Fv2%2Fcomments&post=9969"}],"version-history":[{"count":3,"href":"https:\/\/quebriac.fr\/webcommune\/index.php?rest_route=\/wp\/v2\/posts\/9969\/revisions"}],"predecessor-version":[{"id":9973,"href":"https:\/\/quebriac.fr\/webcommune\/index.php?rest_route=\/wp\/v2\/posts\/9969\/revisions\/9973"}],"wp:attachment":[{"href":"https:\/\/quebriac.fr\/webcommune\/index.php?rest_route=%2Fwp%2Fv2%2Fmedia&parent=9969"}],"wp:term":[{"taxonomy":"category","embeddable":true,"href":"https:\/\/quebriac.fr\/webcommune\/index.php?rest_route=%2Fwp%2Fv2%2Fcategories&post=9969"},{"taxonomy":"post_tag","embeddable":true,"href":"https:\/\/quebriac.fr\/webcommune\/index.php?rest_route=%2Fwp%2Fv2%2Ftags&post=9969"}],"curies":[{"name":"wp","href":"https:\/\/api.w.org\/{rel}","templated":true}]}}