{"id":9979,"date":"2023-10-06T17:11:22","date_gmt":"2023-10-06T15:11:22","guid":{"rendered":"https:\/\/quebriac.fr\/webcommune\/?p=9979"},"modified":"2023-10-09T10:14:12","modified_gmt":"2023-10-09T08:14:12","slug":"arretes-de-circulation","status":"publish","type":"post","link":"https:\/\/quebriac.fr\/webcommune\/?p=9979","title":{"rendered":"Arr\u00eat\u00e9s de circulation"},"content":{"rendered":"<p><strong>Arr\u00eat\u00e9s de circulation altern\u00e9e pour cause de travaux<\/strong><!--more--><\/p>\n<p>Lieu dit La Pivaudi\u00e8re : <a href=\"https:\/\/quebriac.fr\/webcommune\/wp-content\/uploads\/2023\/10\/Travaux_la_Pivaudiere.pdf\" target=\"_blank\" rel=\"noopener\">t\u00e9l\u00e9charger le document<\/a><\/p>\n<p>Impasse du Poncel : <a href=\"https:\/\/quebriac.fr\/webcommune\/wp-content\/uploads\/2023\/10\/Arrete_circulation_alternee_Impasse-du-P-oncel_QUEBRIAC.pdf\" target=\"_blank\" rel=\"noopener\">t\u00e9l\u00e9charger le document<\/a><\/p>\n<p><img loading=\"lazy\" decoding=\"async\" class=\"alignnone size-large wp-image-9983\" src=\"https:\/\/quebriac.fr\/webcommune\/wp-content\/uploads\/2023\/10\/pivaudiere-725x1024.jpg\" alt=\"\" width=\"725\" height=\"1024\" srcset=\"https:\/\/quebriac.fr\/webcommune\/wp-content\/uploads\/2023\/10\/pivaudiere-725x1024.jpg 725w, https:\/\/quebriac.fr\/webcommune\/wp-content\/uploads\/2023\/10\/pivaudiere-212x300.jpg 212w, https:\/\/quebriac.fr\/webcommune\/wp-content\/uploads\/2023\/10\/pivaudiere-768x1085.jpg 768w, https:\/\/quebriac.fr\/webcommune\/wp-content\/uploads\/2023\/10\/pivaudiere-1087x1536.jpg 1087w, https:\/\/quebriac.fr\/webcommune\/wp-content\/uploads\/2023\/10\/pivaudiere-106x150.jpg 106w, https:\/\/quebriac.fr\/webcommune\/wp-content\/uploads\/2023\/10\/pivaudiere.jpg 1200w\" sizes=\"(max-width: 725px) 100vw, 725px\" \/><\/p>\n<p><img loading=\"lazy\" decoding=\"async\" class=\"alignnone size-large wp-image-9984\" src=\"https:\/\/quebriac.fr\/webcommune\/wp-content\/uploads\/2023\/10\/poncel-725x1024.jpg\" alt=\"\" width=\"725\" height=\"1024\" srcset=\"https:\/\/quebriac.fr\/webcommune\/wp-content\/uploads\/2023\/10\/poncel-725x1024.jpg 725w, https:\/\/quebriac.fr\/webcommune\/wp-content\/uploads\/2023\/10\/poncel-212x300.jpg 212w, https:\/\/quebriac.fr\/webcommune\/wp-content\/uploads\/2023\/10\/poncel-768x1085.jpg 768w, https:\/\/quebriac.fr\/webcommune\/wp-content\/uploads\/2023\/10\/poncel-1087x1536.jpg 1087w, https:\/\/quebriac.fr\/webcommune\/wp-content\/uploads\/2023\/10\/poncel-106x150.jpg 106w, https:\/\/quebriac.fr\/webcommune\/wp-content\/uploads\/2023\/10\/poncel.jpg 1200w\" sizes=\"(max-width: 725px) 100vw, 725px\" \/><\/p>\n","protected":false},"excerpt":{"rendered":"<p>Arr\u00eat\u00e9s de circulation altern\u00e9e pour cause de travaux<\/p>\n<p class=\"continue-reading-button\"> <a class=\"continue-reading-link\" href=\"https:\/\/quebriac.fr\/webcommune\/?p=9979\">La suite&#8230;<i class=\"crycon-right-dir\"><\/i><\/a><\/p>\n","protected":false},"author":1,"featured_media":861,"comment_status":"closed","ping_status":"closed","sticky":false,"template":"","format":"standard","meta":{"footnotes":""},"categories":[5],"tags":[],"class_list":["post-9979","post","type-post","status-publish","format-standard","has-post-thumbnail","hentry","category-arrete-municipal"],"_links":{"self":[{"href":"https:\/\/quebriac.fr\/webcommune\/index.php?rest_route=\/wp\/v2\/posts\/9979"}],"collection":[{"href":"https:\/\/quebriac.fr\/webcommune\/index.php?rest_route=\/wp\/v2\/posts"}],"about":[{"href":"https:\/\/quebriac.fr\/webcommune\/index.php?rest_route=\/wp\/v2\/types\/post"}],"author":[{"embeddable":true,"href":"https:\/\/quebriac.fr\/webcommune\/index.php?rest_route=\/wp\/v2\/users\/1"}],"replies":[{"embeddable":true,"href":"https:\/\/quebriac.fr\/webcommune\/index.php?rest_route=%2Fwp%2Fv2%2Fcomments&post=9979"}],"version-history":[{"count":7,"href":"https:\/\/quebriac.fr\/webcommune\/index.php?rest_route=\/wp\/v2\/posts\/9979\/revisions"}],"predecessor-version":[{"id":10002,"href":"https:\/\/quebriac.fr\/webcommune\/index.php?rest_route=\/wp\/v2\/posts\/9979\/revisions\/10002"}],"wp:featuredmedia":[{"embeddable":true,"href":"https:\/\/quebriac.fr\/webcommune\/index.php?rest_route=\/wp\/v2\/media\/861"}],"wp:attachment":[{"href":"https:\/\/quebriac.fr\/webcommune\/index.php?rest_route=%2Fwp%2Fv2%2Fmedia&parent=9979"}],"wp:term":[{"taxonomy":"category","embeddable":true,"href":"https:\/\/quebriac.fr\/webcommune\/index.php?rest_route=%2Fwp%2Fv2%2Fcategories&post=9979"},{"taxonomy":"post_tag","embeddable":true,"href":"https:\/\/quebriac.fr\/webcommune\/index.php?rest_route=%2Fwp%2Fv2%2Ftags&post=9979"}],"curies":[{"name":"wp","href":"https:\/\/api.w.org\/{rel}","templated":true}]}}