{"id":13569,"date":"2026-09-01T08:07:43","date_gmt":"2026-09-01T06:07:43","guid":{"rendered":"https:\/\/quebriac.fr\/webcommune\/?p=13569"},"modified":"2026-07-30T22:10:00","modified_gmt":"2026-07-30T20:10:00","slug":"reprise-du-marche-ce-jeudi-3-septembre","status":"publish","type":"post","link":"https:\/\/quebriac.fr\/webcommune\/reprise-du-marche-ce-jeudi-3-septembre\/","title":{"rendered":"Reprise du march\u00e9 ce jeudi 3 septembre"},"content":{"rendered":"<p data-path-to-node=\"3\">Venez retrouver nos producteurs locaux, fl\u00e2ner entre les \u00e9tals et faire le plein de bons produits dans une ambiance conviviale et chaleureuse.<\/p>\n<p data-path-to-node=\"4\">Curieux d\u2019en savoir plus sur les exposants pr\u00e9sents et l\u2019organisation de ce rendez-vous incontournable ?<\/p>\n<p data-path-to-node=\"5\">\ud83d\udc49 <b data-path-to-node=\"5\" data-index-in-node=\"3\">D\u00e9couvrez ou red\u00e9couvez notre pr\u00e9sentation compl\u00e8te ici :<\/b> <a class=\"ng-star-inserted\" href=\"https:\/\/quebriac.fr\/webcommune\/le-marche-de-quebriac\/\" target=\"_blank\" rel=\"noopener\" data-hveid=\"0\" data-ved=\"0CAAQ_4QMahgKEwi9pb_cj_uVAxUAAAAAHQAAAAAQrAM\">https:\/\/quebriac.fr\/webcommune\/le-marche-de-quebriac\/<\/a><\/p>\n<p data-path-to-node=\"6\">On vous attend nombreux !<\/p>\n","protected":false},"excerpt":{"rendered":"<p>Venez retrouver nos producteurs locaux, fl\u00e2ner entre les \u00e9tals et faire le plein de bons produits dans une ambiance conviviale et chaleureuse. Curieux d\u2019en savoir plus sur les exposants pr\u00e9sents\u2026<\/p>\n<p class=\"continue-reading-button\"> <a class=\"continue-reading-link\" href=\"https:\/\/quebriac.fr\/webcommune\/reprise-du-marche-ce-jeudi-3-septembre\/\">La suite&#8230;<i class=\"crycon-right-dir\"><\/i><\/a><\/p>\n","protected":false},"author":10,"featured_media":0,"comment_status":"closed","ping_status":"closed","sticky":false,"template":"","format":"standard","meta":{"footnotes":""},"categories":[1],"tags":[],"class_list":["post-13569","post","type-post","status-publish","format-standard","hentry","category-non-classe"],"_links":{"self":[{"href":"https:\/\/quebriac.fr\/webcommune\/wp-json\/wp\/v2\/posts\/13569","targetHints":{"allow":["GET"]}}],"collection":[{"href":"https:\/\/quebriac.fr\/webcommune\/wp-json\/wp\/v2\/posts"}],"about":[{"href":"https:\/\/quebriac.fr\/webcommune\/wp-json\/wp\/v2\/types\/post"}],"author":[{"embeddable":true,"href":"https:\/\/quebriac.fr\/webcommune\/wp-json\/wp\/v2\/users\/10"}],"replies":[{"embeddable":true,"href":"https:\/\/quebriac.fr\/webcommune\/wp-json\/wp\/v2\/comments?post=13569"}],"version-history":[{"count":1,"href":"https:\/\/quebriac.fr\/webcommune\/wp-json\/wp\/v2\/posts\/13569\/revisions"}],"predecessor-version":[{"id":13570,"href":"https:\/\/quebriac.fr\/webcommune\/wp-json\/wp\/v2\/posts\/13569\/revisions\/13570"}],"wp:attachment":[{"href":"https:\/\/quebriac.fr\/webcommune\/wp-json\/wp\/v2\/media?parent=13569"}],"wp:term":[{"taxonomy":"category","embeddable":true,"href":"https:\/\/quebriac.fr\/webcommune\/wp-json\/wp\/v2\/categories?post=13569"},{"taxonomy":"post_tag","embeddable":true,"href":"https:\/\/quebriac.fr\/webcommune\/wp-json\/wp\/v2\/tags?post=13569"}],"curies":[{"name":"wp","href":"https:\/\/api.w.org\/{rel}","templated":true}]}}