{"id":13659,"date":"2026-09-04T18:35:23","date_gmt":"2026-09-04T16:35:23","guid":{"rendered":"https:\/\/quebriac.fr\/webcommune\/?p=13659"},"modified":"2026-08-28T18:38:30","modified_gmt":"2026-08-28T16:38:30","slug":"quebrando-dimanche-13-septembre-2026","status":"publish","type":"post","link":"https:\/\/quebriac.fr\/webcommune\/quebrando-dimanche-13-septembre-2026\/","title":{"rendered":"Queb&rsquo;rando : dimanche 13 septembre 2026"},"content":{"rendered":"<p class=\"PDq2pG_selectionAnchorContainer\" data-start=\"100\" data-end=\"194\"><strong data-start=\"105\" data-end=\"194\">Rendez-vous dimanche 13 septembre \u00e0 Qu\u00e9briac pour la f\u00eate annuelle de Queb Rando.<\/strong><!--more--><\/p>\n<p data-start=\"196\" data-end=\"300\">\u00c0 pied, \u00e0 cheval ou \u00e0 v\u00e9lo, plusieurs parcours s<span style=\"font-family: Calibri, Arian, sans-serif;\">ont propos\u00e9s pour profiter de la journ\u00e9e en plein air.<\/span><\/p>\n<ul>\n<li data-start=\"302\" data-end=\"438\">\u00c9tang des No\u00ebs \u2013 lieu-dit Ringadan<\/li>\n<li data-start=\"302\" data-end=\"438\">Accueil d\u00e8s 8h30<\/li>\n<li data-start=\"302\" data-end=\"438\">Pensez \u00e0 apporter votre grande assiette, vos couverts et votre verre !<\/li>\n<\/ul>\n<p data-start=\"440\" data-end=\"528\">\ud83d\udc49 Inscriptions sur HelloAsso<br data-start=\"469\" data-end=\"472\" \/>Renseignements au 07 62 95 22 98 ou sur <a class=\"decorated-link cursor-pointer\" target=\"_new\" rel=\"noopener\" data-start=\"512\" data-end=\"528\">www.quebrando.fr<\/a><\/p>\n<p data-start=\"530\" data-end=\"623\" data-is-last-node=\"\" data-is-only-node=\"\"><strong data-start=\"530\" data-end=\"620\">Une belle occasion de (re)d\u00e9couvrir les chemins de Qu\u00e9briac.<\/strong><\/p>\n<p data-start=\"530\" data-end=\"623\" data-is-last-node=\"\" data-is-only-node=\"\"><strong data-start=\"105\" data-end=\"194\"><img loading=\"lazy\" decoding=\"async\" class=\"alignnone size-medium wp-image-13660\" src=\"https:\/\/quebriac.fr\/webcommune\/wp-content\/uploads\/2026\/08\/Affiche-sept-2026-213x300.jpg\" alt=\"\" width=\"213\" height=\"300\" srcset=\"https:\/\/quebriac.fr\/webcommune\/wp-content\/uploads\/2026\/08\/Affiche-sept-2026-213x300.jpg 213w, https:\/\/quebriac.fr\/webcommune\/wp-content\/uploads\/2026\/08\/Affiche-sept-2026-727x1024.jpg 727w, https:\/\/quebriac.fr\/webcommune\/wp-content\/uploads\/2026\/08\/Affiche-sept-2026-768x1082.jpg 768w, https:\/\/quebriac.fr\/webcommune\/wp-content\/uploads\/2026\/08\/Affiche-sept-2026-1090x1536.jpg 1090w, https:\/\/quebriac.fr\/webcommune\/wp-content\/uploads\/2026\/08\/Affiche-sept-2026-1453x2048.jpg 1453w, https:\/\/quebriac.fr\/webcommune\/wp-content\/uploads\/2026\/08\/Affiche-sept-2026-106x150.jpg 106w, https:\/\/quebriac.fr\/webcommune\/wp-content\/uploads\/2026\/08\/Affiche-sept-2026-scaled.jpg 1816w\" sizes=\"auto, (max-width: 213px) 100vw, 213px\" \/><\/strong><\/p>\n","protected":false},"excerpt":{"rendered":"<p>Rendez-vous dimanche 13 septembre \u00e0 Qu\u00e9briac pour la f\u00eate annuelle de Queb Rando.<\/p>\n<p class=\"continue-reading-button\"> <a class=\"continue-reading-link\" href=\"https:\/\/quebriac.fr\/webcommune\/quebrando-dimanche-13-septembre-2026\/\">La suite&#8230;<i class=\"crycon-right-dir\"><\/i><\/a><\/p>\n","protected":false},"author":9,"featured_media":0,"comment_status":"closed","ping_status":"closed","sticky":false,"template":"","format":"standard","meta":{"footnotes":""},"categories":[6],"tags":[],"class_list":["post-13659","post","type-post","status-publish","format-standard","hentry","category-association"],"_links":{"self":[{"href":"https:\/\/quebriac.fr\/webcommune\/wp-json\/wp\/v2\/posts\/13659","targetHints":{"allow":["GET"]}}],"collection":[{"href":"https:\/\/quebriac.fr\/webcommune\/wp-json\/wp\/v2\/posts"}],"about":[{"href":"https:\/\/quebriac.fr\/webcommune\/wp-json\/wp\/v2\/types\/post"}],"author":[{"embeddable":true,"href":"https:\/\/quebriac.fr\/webcommune\/wp-json\/wp\/v2\/users\/9"}],"replies":[{"embeddable":true,"href":"https:\/\/quebriac.fr\/webcommune\/wp-json\/wp\/v2\/comments?post=13659"}],"version-history":[{"count":1,"href":"https:\/\/quebriac.fr\/webcommune\/wp-json\/wp\/v2\/posts\/13659\/revisions"}],"predecessor-version":[{"id":13661,"href":"https:\/\/quebriac.fr\/webcommune\/wp-json\/wp\/v2\/posts\/13659\/revisions\/13661"}],"wp:attachment":[{"href":"https:\/\/quebriac.fr\/webcommune\/wp-json\/wp\/v2\/media?parent=13659"}],"wp:term":[{"taxonomy":"category","embeddable":true,"href":"https:\/\/quebriac.fr\/webcommune\/wp-json\/wp\/v2\/categories?post=13659"},{"taxonomy":"post_tag","embeddable":true,"href":"https:\/\/quebriac.fr\/webcommune\/wp-json\/wp\/v2\/tags?post=13659"}],"curies":[{"name":"wp","href":"https:\/\/api.w.org\/{rel}","templated":true}]}}